{"id":1377,"date":"2025-08-19T08:41:17","date_gmt":"2025-08-19T06:41:17","guid":{"rendered":"http:\/\/heimtex.vr-webdesign.de\/?p=1377"},"modified":"2025-10-16T09:13:02","modified_gmt":"2025-10-16T07:13:02","slug":"wir-sind-testsieger-in-der-fachhandelsumfrage-deko-stoffe-2025","status":"publish","type":"post","link":"https:\/\/www.gerster.com\/en\/news\/wir-sind-testsieger-in-der-fachhandelsumfrage-deko-stoffe-2025\/","title":{"rendered":"We are test winner in the specialist trade survey Deco + fabrics 2025"},"content":{"rendered":"<p class=\"translation-block\">In the specialist trade survey \u201cDeco + fabrics 2025,\u201d our team was awarded first place in the two most important categories\u2014product quality and value for money. This means we achieved the top position in the survey's key disciplines.<\/p>\n\n\n\n<p>We are once again among the best providers in the overall results: with an average score of 2.12 across 14 individual categories, we were able to confirm our strong performance from the previous year.<\/p>\n\n\n\n<p>A big thank you goes to our specialist retail partners for their trust and excellent ratings\u2014and to our team for their daily commitment!<\/p>\n\n\n<div class=\"wp-block-image\">\n<figure class=\"aligncenter size-full is-resized\"><img loading=\"lazy\" decoding=\"async\" width=\"454\" height=\"716\" src=\"https:\/\/www.gerster.com\/wp-content\/uploads\/2025\/08\/4-1.png\" alt=\"\" class=\"wp-image-1392\" style=\"width:217px;height:auto\" srcset=\"https:\/\/www.gerster.com\/wp-content\/uploads\/2025\/08\/4-1.png 454w, https:\/\/www.gerster.com\/wp-content\/uploads\/2025\/08\/4-1-190x300.png 190w, https:\/\/www.gerster.com\/wp-content\/uploads\/2025\/08\/4-1-8x12.png 8w\" sizes=\"auto, (max-width: 454px) 100vw, 454px\" \/><\/figure>\n<\/div>\n\n\n<p><\/p>","protected":false},"excerpt":{"rendered":"<p>Bei der Fachhandelsumfrage \u201eDeko + Stoffe 2025\u201c wurde unser Team in den beiden wichtigsten Kategorien \u2013 \u201eProduktqualit\u00e4t\u201c und \u201ePreis-Leistungs-Verh\u00e4ltnis\u201c \u2013 mit dem 1. Platz ausgezeichnet. Damit haben wir in den K\u00f6nigsdisziplinen der Umfrage die Spitzenposition erreicht. Auch im Gesamtergebnis geh\u00f6ren wir wieder zu den besten Anbietern: Mit einer Durchschnittsnote von 2,12 \u00fcber 14 Einzelkategorien konnten [&hellip;]<\/p>\n","protected":false},"author":1,"featured_media":922,"comment_status":"closed","ping_status":"open","sticky":false,"template":"","format":"standard","meta":{"_acf_changed":false,"footnotes":""},"categories":[3],"tags":[],"class_list":["post-1377","post","type-post","status-publish","format-standard","has-post-thumbnail","hentry","category-news"],"acf":[],"yoast_head":"<!-- This site is optimized with the Yoast SEO plugin v27.5 - https:\/\/yoast.com\/product\/yoast-seo-wordpress\/ -->\n<title>Wir sind Testsieger in der Fachhandelsumfrage Deko + Stoffe 2025 - Gerster HeimTex - Ihr Partner f\u00fcr hochwertige Gardinen, B\u00e4nder &amp; Accessoires<\/title>\n<meta name=\"robots\" content=\"index, follow, max-snippet:-1, max-image-preview:large, max-video-preview:-1\" \/>\n<link rel=\"canonical\" href=\"https:\/\/www.gerster.com\/en\/news\/wir-sind-testsieger-in-der-fachhandelsumfrage-deko-stoffe-2025\/\" \/>\n<meta property=\"og:locale\" content=\"en_GB\" \/>\n<meta property=\"og:type\" content=\"article\" \/>\n<meta property=\"og:title\" content=\"Wir sind Testsieger in der Fachhandelsumfrage Deko + Stoffe 2025 - Gerster HeimTex - Ihr Partner f\u00fcr hochwertige Gardinen, B\u00e4nder &amp; Accessoires\" \/>\n<meta property=\"og:description\" content=\"Bei der Fachhandelsumfrage \u201eDeko + Stoffe 2025\u201c wurde unser Team in den beiden wichtigsten Kategorien \u2013 \u201eProduktqualit\u00e4t\u201c und \u201ePreis-Leistungs-Verh\u00e4ltnis\u201c \u2013 mit dem 1. Platz ausgezeichnet. Damit haben wir in den K\u00f6nigsdisziplinen der Umfrage die Spitzenposition erreicht. Auch im Gesamtergebnis geh\u00f6ren wir wieder zu den besten Anbietern: Mit einer Durchschnittsnote von 2,12 \u00fcber 14 Einzelkategorien konnten [&hellip;]\" \/>\n<meta property=\"og:url\" content=\"https:\/\/www.gerster.com\/en\/news\/wir-sind-testsieger-in-der-fachhandelsumfrage-deko-stoffe-2025\/\" \/>\n<meta property=\"og:site_name\" content=\"Gerster HeimTex - Ihr Partner f\u00fcr hochwertige Gardinen, B\u00e4nder &amp; Accessoires\" \/>\n<meta property=\"article:publisher\" content=\"https:\/\/www.facebook.com\/GersterCollection\" \/>\n<meta property=\"article:published_time\" content=\"2025-08-19T06:41:17+00:00\" \/>\n<meta property=\"article:modified_time\" content=\"2025-10-16T07:13:02+00:00\" \/>\n<meta property=\"og:image\" content=\"https:\/\/www.gerster.com\/wp-content\/uploads\/2025\/07\/gerster-kontakt-bg.jpg\" \/>\n\t<meta property=\"og:image:width\" content=\"1920\" \/>\n\t<meta property=\"og:image:height\" content=\"1280\" \/>\n\t<meta property=\"og:image:type\" content=\"image\/jpeg\" \/>\n<meta name=\"author\" content=\"Gerster HeimTex\" \/>\n<meta name=\"twitter:card\" content=\"summary_large_image\" \/>\n<meta name=\"twitter:label1\" content=\"Written by\" \/>\n\t<meta name=\"twitter:data1\" content=\"Gerster HeimTex\" \/>\n<script type=\"application\/ld+json\" class=\"yoast-schema-graph\">{\"@context\":\"https:\\\/\\\/schema.org\",\"@graph\":[{\"@type\":\"Article\",\"@id\":\"https:\\\/\\\/www.gerster.com\\\/news\\\/wir-sind-testsieger-in-der-fachhandelsumfrage-deko-stoffe-2025\\\/#article\",\"isPartOf\":{\"@id\":\"https:\\\/\\\/www.gerster.com\\\/news\\\/wir-sind-testsieger-in-der-fachhandelsumfrage-deko-stoffe-2025\\\/\"},\"author\":{\"name\":\"Gerster HeimTex\",\"@id\":\"https:\\\/\\\/www.gerster.com\\\/en\\\/#\\\/schema\\\/person\\\/4385cff19acce07e13384c1bd7baa1e6\"},\"headline\":\"Wir sind Testsieger in der Fachhandelsumfrage Deko + Stoffe 2025\",\"datePublished\":\"2025-08-19T06:41:17+00:00\",\"dateModified\":\"2025-10-16T07:13:02+00:00\",\"mainEntityOfPage\":{\"@id\":\"https:\\\/\\\/www.gerster.com\\\/news\\\/wir-sind-testsieger-in-der-fachhandelsumfrage-deko-stoffe-2025\\\/\"},\"wordCount\":91,\"publisher\":{\"@id\":\"https:\\\/\\\/www.gerster.com\\\/en\\\/#organization\"},\"image\":{\"@id\":\"https:\\\/\\\/www.gerster.com\\\/news\\\/wir-sind-testsieger-in-der-fachhandelsumfrage-deko-stoffe-2025\\\/#primaryimage\"},\"thumbnailUrl\":\"https:\\\/\\\/www.gerster.com\\\/wp-content\\\/uploads\\\/2025\\\/07\\\/gerster-kontakt-bg.jpg\",\"articleSection\":[\"News\"],\"inLanguage\":\"en-GB\"},{\"@type\":\"WebPage\",\"@id\":\"https:\\\/\\\/www.gerster.com\\\/news\\\/wir-sind-testsieger-in-der-fachhandelsumfrage-deko-stoffe-2025\\\/\",\"url\":\"https:\\\/\\\/www.gerster.com\\\/news\\\/wir-sind-testsieger-in-der-fachhandelsumfrage-deko-stoffe-2025\\\/\",\"name\":\"Wir sind Testsieger in der Fachhandelsumfrage Deko + Stoffe 2025 - Gerster HeimTex - Ihr Partner f\u00fcr hochwertige Gardinen, B\u00e4nder &amp; Accessoires\",\"isPartOf\":{\"@id\":\"https:\\\/\\\/www.gerster.com\\\/en\\\/#website\"},\"primaryImageOfPage\":{\"@id\":\"https:\\\/\\\/www.gerster.com\\\/news\\\/wir-sind-testsieger-in-der-fachhandelsumfrage-deko-stoffe-2025\\\/#primaryimage\"},\"image\":{\"@id\":\"https:\\\/\\\/www.gerster.com\\\/news\\\/wir-sind-testsieger-in-der-fachhandelsumfrage-deko-stoffe-2025\\\/#primaryimage\"},\"thumbnailUrl\":\"https:\\\/\\\/www.gerster.com\\\/wp-content\\\/uploads\\\/2025\\\/07\\\/gerster-kontakt-bg.jpg\",\"datePublished\":\"2025-08-19T06:41:17+00:00\",\"dateModified\":\"2025-10-16T07:13:02+00:00\",\"breadcrumb\":{\"@id\":\"https:\\\/\\\/www.gerster.com\\\/news\\\/wir-sind-testsieger-in-der-fachhandelsumfrage-deko-stoffe-2025\\\/#breadcrumb\"},\"inLanguage\":\"en-GB\",\"potentialAction\":[{\"@type\":\"ReadAction\",\"target\":[\"https:\\\/\\\/www.gerster.com\\\/news\\\/wir-sind-testsieger-in-der-fachhandelsumfrage-deko-stoffe-2025\\\/\"]}]},{\"@type\":\"ImageObject\",\"inLanguage\":\"en-GB\",\"@id\":\"https:\\\/\\\/www.gerster.com\\\/news\\\/wir-sind-testsieger-in-der-fachhandelsumfrage-deko-stoffe-2025\\\/#primaryimage\",\"url\":\"https:\\\/\\\/www.gerster.com\\\/wp-content\\\/uploads\\\/2025\\\/07\\\/gerster-kontakt-bg.jpg\",\"contentUrl\":\"https:\\\/\\\/www.gerster.com\\\/wp-content\\\/uploads\\\/2025\\\/07\\\/gerster-kontakt-bg.jpg\",\"width\":1920,\"height\":1280},{\"@type\":\"BreadcrumbList\",\"@id\":\"https:\\\/\\\/www.gerster.com\\\/news\\\/wir-sind-testsieger-in-der-fachhandelsumfrage-deko-stoffe-2025\\\/#breadcrumb\",\"itemListElement\":[{\"@type\":\"ListItem\",\"position\":1,\"name\":\"Startseite\",\"item\":\"https:\\\/\\\/www.gerster.com\\\/\"},{\"@type\":\"ListItem\",\"position\":2,\"name\":\"Wir sind Testsieger in der Fachhandelsumfrage Deko + Stoffe 2025\"}]},{\"@type\":\"WebSite\",\"@id\":\"https:\\\/\\\/www.gerster.com\\\/en\\\/#website\",\"url\":\"https:\\\/\\\/www.gerster.com\\\/en\\\/\",\"name\":\"Gerster HeimTex - Ihr Partner f\u00fcr hochwertige Gardinen, B\u00e4nder & Accessoires\",\"description\":\"\",\"publisher\":{\"@id\":\"https:\\\/\\\/www.gerster.com\\\/en\\\/#organization\"},\"potentialAction\":[{\"@type\":\"SearchAction\",\"target\":{\"@type\":\"EntryPoint\",\"urlTemplate\":\"https:\\\/\\\/www.gerster.com\\\/en\\\/?s={search_term_string}\"},\"query-input\":{\"@type\":\"PropertyValueSpecification\",\"valueRequired\":true,\"valueName\":\"search_term_string\"}}],\"inLanguage\":\"en-GB\"},{\"@type\":\"Organization\",\"@id\":\"https:\\\/\\\/www.gerster.com\\\/en\\\/#organization\",\"name\":\"Gerster HeimTex - Ihr Partner f\u00fcr hochwertige Gardinen, B\u00e4nder & Accessoires\",\"url\":\"https:\\\/\\\/www.gerster.com\\\/en\\\/\",\"logo\":{\"@type\":\"ImageObject\",\"inLanguage\":\"en-GB\",\"@id\":\"https:\\\/\\\/www.gerster.com\\\/en\\\/#\\\/schema\\\/logo\\\/image\\\/\",\"url\":\"https:\\\/\\\/www.gerster.com\\\/wp-content\\\/uploads\\\/2025\\\/05\\\/gerster-hometex-logo.png\",\"contentUrl\":\"https:\\\/\\\/www.gerster.com\\\/wp-content\\\/uploads\\\/2025\\\/05\\\/gerster-hometex-logo.png\",\"width\":213,\"height\":84,\"caption\":\"Gerster HeimTex - Ihr Partner f\u00fcr hochwertige Gardinen, B\u00e4nder & Accessoires\"},\"image\":{\"@id\":\"https:\\\/\\\/www.gerster.com\\\/en\\\/#\\\/schema\\\/logo\\\/image\\\/\"},\"sameAs\":[\"https:\\\/\\\/www.facebook.com\\\/GersterCollection\",\"https:\\\/\\\/www.instagram.com\\\/gerster_biberach\\\/\",\"https:\\\/\\\/www.youtube.com\\\/user\\\/GersterCollection\\\/videos\"]},{\"@type\":\"Person\",\"@id\":\"https:\\\/\\\/www.gerster.com\\\/en\\\/#\\\/schema\\\/person\\\/4385cff19acce07e13384c1bd7baa1e6\",\"name\":\"Gerster HeimTex\",\"image\":{\"@type\":\"ImageObject\",\"inLanguage\":\"en-GB\",\"@id\":\"https:\\\/\\\/secure.gravatar.com\\\/avatar\\\/4ac99d71907a59b8010a7e2e86eb72136a2e160ad811132df48b072598d32e13?s=96&d=mm&r=g\",\"url\":\"https:\\\/\\\/secure.gravatar.com\\\/avatar\\\/4ac99d71907a59b8010a7e2e86eb72136a2e160ad811132df48b072598d32e13?s=96&d=mm&r=g\",\"contentUrl\":\"https:\\\/\\\/secure.gravatar.com\\\/avatar\\\/4ac99d71907a59b8010a7e2e86eb72136a2e160ad811132df48b072598d32e13?s=96&d=mm&r=g\",\"caption\":\"Gerster HeimTex\"},\"sameAs\":[\"http:\\\/\\\/localhost\\\/gerster-heimtex\"],\"url\":\"https:\\\/\\\/www.gerster.com\\\/en\\\/author\\\/gerster-heimtex\\\/\"}]}<\/script>\n<!-- \/ Yoast SEO plugin. -->","yoast_head_json":{"title":"Wir sind Testsieger in der Fachhandelsumfrage Deko + Stoffe 2025 - Gerster HeimTex - Ihr Partner f\u00fcr hochwertige Gardinen, B\u00e4nder &amp; Accessoires","robots":{"index":"index","follow":"follow","max-snippet":"max-snippet:-1","max-image-preview":"max-image-preview:large","max-video-preview":"max-video-preview:-1"},"canonical":"https:\/\/www.gerster.com\/en\/news\/wir-sind-testsieger-in-der-fachhandelsumfrage-deko-stoffe-2025\/","og_locale":"en_GB","og_type":"article","og_title":"Wir sind Testsieger in der Fachhandelsumfrage Deko + Stoffe 2025 - Gerster HeimTex - Ihr Partner f\u00fcr hochwertige Gardinen, B\u00e4nder &amp; Accessoires","og_description":"Bei der Fachhandelsumfrage \u201eDeko + Stoffe 2025\u201c wurde unser Team in den beiden wichtigsten Kategorien \u2013 \u201eProduktqualit\u00e4t\u201c und \u201ePreis-Leistungs-Verh\u00e4ltnis\u201c \u2013 mit dem 1. Platz ausgezeichnet. Damit haben wir in den K\u00f6nigsdisziplinen der Umfrage die Spitzenposition erreicht. Auch im Gesamtergebnis geh\u00f6ren wir wieder zu den besten Anbietern: Mit einer Durchschnittsnote von 2,12 \u00fcber 14 Einzelkategorien konnten [&hellip;]","og_url":"https:\/\/www.gerster.com\/en\/news\/wir-sind-testsieger-in-der-fachhandelsumfrage-deko-stoffe-2025\/","og_site_name":"Gerster HeimTex - Ihr Partner f\u00fcr hochwertige Gardinen, B\u00e4nder &amp; Accessoires","article_publisher":"https:\/\/www.facebook.com\/GersterCollection","article_published_time":"2025-08-19T06:41:17+00:00","article_modified_time":"2025-10-16T07:13:02+00:00","og_image":[{"width":1920,"height":1280,"url":"https:\/\/www.gerster.com\/wp-content\/uploads\/2025\/07\/gerster-kontakt-bg.jpg","type":"image\/jpeg"}],"author":"Gerster HeimTex","twitter_card":"summary_large_image","twitter_misc":{"Written by":"Gerster HeimTex"},"schema":{"@context":"https:\/\/schema.org","@graph":[{"@type":"Article","@id":"https:\/\/www.gerster.com\/news\/wir-sind-testsieger-in-der-fachhandelsumfrage-deko-stoffe-2025\/#article","isPartOf":{"@id":"https:\/\/www.gerster.com\/news\/wir-sind-testsieger-in-der-fachhandelsumfrage-deko-stoffe-2025\/"},"author":{"name":"Gerster HeimTex","@id":"https:\/\/www.gerster.com\/en\/#\/schema\/person\/4385cff19acce07e13384c1bd7baa1e6"},"headline":"Wir sind Testsieger in der Fachhandelsumfrage Deko + Stoffe 2025","datePublished":"2025-08-19T06:41:17+00:00","dateModified":"2025-10-16T07:13:02+00:00","mainEntityOfPage":{"@id":"https:\/\/www.gerster.com\/news\/wir-sind-testsieger-in-der-fachhandelsumfrage-deko-stoffe-2025\/"},"wordCount":91,"publisher":{"@id":"https:\/\/www.gerster.com\/en\/#organization"},"image":{"@id":"https:\/\/www.gerster.com\/news\/wir-sind-testsieger-in-der-fachhandelsumfrage-deko-stoffe-2025\/#primaryimage"},"thumbnailUrl":"https:\/\/www.gerster.com\/wp-content\/uploads\/2025\/07\/gerster-kontakt-bg.jpg","articleSection":["News"],"inLanguage":"en-GB"},{"@type":"WebPage","@id":"https:\/\/www.gerster.com\/news\/wir-sind-testsieger-in-der-fachhandelsumfrage-deko-stoffe-2025\/","url":"https:\/\/www.gerster.com\/news\/wir-sind-testsieger-in-der-fachhandelsumfrage-deko-stoffe-2025\/","name":"Wir sind Testsieger in der Fachhandelsumfrage Deko + Stoffe 2025 - Gerster HeimTex - Ihr Partner f\u00fcr hochwertige Gardinen, B\u00e4nder &amp; Accessoires","isPartOf":{"@id":"https:\/\/www.gerster.com\/en\/#website"},"primaryImageOfPage":{"@id":"https:\/\/www.gerster.com\/news\/wir-sind-testsieger-in-der-fachhandelsumfrage-deko-stoffe-2025\/#primaryimage"},"image":{"@id":"https:\/\/www.gerster.com\/news\/wir-sind-testsieger-in-der-fachhandelsumfrage-deko-stoffe-2025\/#primaryimage"},"thumbnailUrl":"https:\/\/www.gerster.com\/wp-content\/uploads\/2025\/07\/gerster-kontakt-bg.jpg","datePublished":"2025-08-19T06:41:17+00:00","dateModified":"2025-10-16T07:13:02+00:00","breadcrumb":{"@id":"https:\/\/www.gerster.com\/news\/wir-sind-testsieger-in-der-fachhandelsumfrage-deko-stoffe-2025\/#breadcrumb"},"inLanguage":"en-GB","potentialAction":[{"@type":"ReadAction","target":["https:\/\/www.gerster.com\/news\/wir-sind-testsieger-in-der-fachhandelsumfrage-deko-stoffe-2025\/"]}]},{"@type":"ImageObject","inLanguage":"en-GB","@id":"https:\/\/www.gerster.com\/news\/wir-sind-testsieger-in-der-fachhandelsumfrage-deko-stoffe-2025\/#primaryimage","url":"https:\/\/www.gerster.com\/wp-content\/uploads\/2025\/07\/gerster-kontakt-bg.jpg","contentUrl":"https:\/\/www.gerster.com\/wp-content\/uploads\/2025\/07\/gerster-kontakt-bg.jpg","width":1920,"height":1280},{"@type":"BreadcrumbList","@id":"https:\/\/www.gerster.com\/news\/wir-sind-testsieger-in-der-fachhandelsumfrage-deko-stoffe-2025\/#breadcrumb","itemListElement":[{"@type":"ListItem","position":1,"name":"Startseite","item":"https:\/\/www.gerster.com\/"},{"@type":"ListItem","position":2,"name":"Wir sind Testsieger in der Fachhandelsumfrage Deko + Stoffe 2025"}]},{"@type":"WebSite","@id":"https:\/\/www.gerster.com\/en\/#website","url":"https:\/\/www.gerster.com\/en\/","name":"Gerster HeimTex - Ihr Partner f\u00fcr hochwertige Gardinen, B\u00e4nder & Accessoires","description":"","publisher":{"@id":"https:\/\/www.gerster.com\/en\/#organization"},"potentialAction":[{"@type":"SearchAction","target":{"@type":"EntryPoint","urlTemplate":"https:\/\/www.gerster.com\/en\/?s={search_term_string}"},"query-input":{"@type":"PropertyValueSpecification","valueRequired":true,"valueName":"search_term_string"}}],"inLanguage":"en-GB"},{"@type":"Organization","@id":"https:\/\/www.gerster.com\/en\/#organization","name":"Gerster HeimTex - Ihr Partner f\u00fcr hochwertige Gardinen, B\u00e4nder & Accessoires","url":"https:\/\/www.gerster.com\/en\/","logo":{"@type":"ImageObject","inLanguage":"en-GB","@id":"https:\/\/www.gerster.com\/en\/#\/schema\/logo\/image\/","url":"https:\/\/www.gerster.com\/wp-content\/uploads\/2025\/05\/gerster-hometex-logo.png","contentUrl":"https:\/\/www.gerster.com\/wp-content\/uploads\/2025\/05\/gerster-hometex-logo.png","width":213,"height":84,"caption":"Gerster HeimTex - Ihr Partner f\u00fcr hochwertige Gardinen, B\u00e4nder & Accessoires"},"image":{"@id":"https:\/\/www.gerster.com\/en\/#\/schema\/logo\/image\/"},"sameAs":["https:\/\/www.facebook.com\/GersterCollection","https:\/\/www.instagram.com\/gerster_biberach\/","https:\/\/www.youtube.com\/user\/GersterCollection\/videos"]},{"@type":"Person","@id":"https:\/\/www.gerster.com\/en\/#\/schema\/person\/4385cff19acce07e13384c1bd7baa1e6","name":"Gerster HeimTex","image":{"@type":"ImageObject","inLanguage":"en-GB","@id":"https:\/\/secure.gravatar.com\/avatar\/4ac99d71907a59b8010a7e2e86eb72136a2e160ad811132df48b072598d32e13?s=96&d=mm&r=g","url":"https:\/\/secure.gravatar.com\/avatar\/4ac99d71907a59b8010a7e2e86eb72136a2e160ad811132df48b072598d32e13?s=96&d=mm&r=g","contentUrl":"https:\/\/secure.gravatar.com\/avatar\/4ac99d71907a59b8010a7e2e86eb72136a2e160ad811132df48b072598d32e13?s=96&d=mm&r=g","caption":"Gerster HeimTex"},"sameAs":["http:\/\/localhost\/gerster-heimtex"],"url":"https:\/\/www.gerster.com\/en\/author\/gerster-heimtex\/"}]}},"_links":{"self":[{"href":"https:\/\/www.gerster.com\/en\/wp-json\/wp\/v2\/posts\/1377","targetHints":{"allow":["GET"]}}],"collection":[{"href":"https:\/\/www.gerster.com\/en\/wp-json\/wp\/v2\/posts"}],"about":[{"href":"https:\/\/www.gerster.com\/en\/wp-json\/wp\/v2\/types\/post"}],"author":[{"embeddable":true,"href":"https:\/\/www.gerster.com\/en\/wp-json\/wp\/v2\/users\/1"}],"replies":[{"embeddable":true,"href":"https:\/\/www.gerster.com\/en\/wp-json\/wp\/v2\/comments?post=1377"}],"version-history":[{"count":5,"href":"https:\/\/www.gerster.com\/en\/wp-json\/wp\/v2\/posts\/1377\/revisions"}],"predecessor-version":[{"id":1396,"href":"https:\/\/www.gerster.com\/en\/wp-json\/wp\/v2\/posts\/1377\/revisions\/1396"}],"wp:featuredmedia":[{"embeddable":true,"href":"https:\/\/www.gerster.com\/en\/wp-json\/wp\/v2\/media\/922"}],"wp:attachment":[{"href":"https:\/\/www.gerster.com\/en\/wp-json\/wp\/v2\/media?parent=1377"}],"wp:term":[{"taxonomy":"category","embeddable":true,"href":"https:\/\/www.gerster.com\/en\/wp-json\/wp\/v2\/categories?post=1377"},{"taxonomy":"post_tag","embeddable":true,"href":"https:\/\/www.gerster.com\/en\/wp-json\/wp\/v2\/tags?post=1377"}],"curies":[{"name":"wp","href":"https:\/\/api.w.org\/{rel}","templated":true}]}}