{"id":2311,"date":"2025-10-09T14:06:02","date_gmt":"2025-10-09T12:06:02","guid":{"rendered":"http:\/\/heimtex.vr-webdesign.de\/?p=2311"},"modified":"2025-10-16T13:59:39","modified_gmt":"2025-10-16T11:59:39","slug":"besuch-bei-der-gustav-gerster-gmbh-co-kg-in-biberach","status":"publish","type":"post","link":"https:\/\/www.gerster.com\/en\/news\/besuch-bei-der-gustav-gerster-gmbh-co-kg-in-biberach\/","title":{"rendered":"Visit to Gustav Gerster GmbH &amp; Co. KG in Biberach"},"content":{"rendered":"<p>On 9 September 2025, we were delighted to welcome Dr Nicole Hoffmeister-Kraut, Minister for Economic Affairs of the State of Baden-W\u00fcrttemberg, Thomas D\u00f6rflinger, Member of the State Parliament, and representatives from the CDU, the District Office and the town of Biberach to our company.<br><br>The focus was on insights into our company\u2019s history spanning over 140 years, our ongoing development, and Gerster\u2019s current business areas \u2013 ranging from innovative technical textiles for high-tech industries to our long-established retail business in home textiles. Of particular value was the discussion on the current economic situation, the importance of innovation and digitalisation, international competitiveness, and the role of small and medium-sized enterprises in Baden-W\u00fcrttemberg.<br><br>We would like to thank you very much for visiting us and for the constructive dialogue.<br>This sends a strong signal of the high regard in which Biberach and the textile industry in our region are held!<\/p>\n\n\n\n<div style=\"height:46px\" aria-hidden=\"true\" class=\"wp-block-spacer\"><\/div>\n\n\n\n<div class=\"wp-block-columns is-layout-flex wp-container-core-columns-is-layout-9d6595d7 wp-block-columns-is-layout-flex\">\n<div class=\"wp-block-column is-layout-flow wp-block-column-is-layout-flow\"><div class=\"wp-block-image\">\n<figure class=\"aligncenter size-full\"><img loading=\"lazy\" decoding=\"async\" width=\"1707\" height=\"2560\" src=\"https:\/\/www.gerster.com\/wp-content\/uploads\/2025\/10\/DSC06679_compressed-scaled.jpg\" alt=\"\" class=\"wp-image-2314\" srcset=\"https:\/\/www.gerster.com\/wp-content\/uploads\/2025\/10\/DSC06679_compressed-scaled.jpg 1707w, https:\/\/www.gerster.com\/wp-content\/uploads\/2025\/10\/DSC06679_compressed-200x300.jpg 200w, https:\/\/www.gerster.com\/wp-content\/uploads\/2025\/10\/DSC06679_compressed-683x1024.jpg 683w, https:\/\/www.gerster.com\/wp-content\/uploads\/2025\/10\/DSC06679_compressed-768x1152.jpg 768w, https:\/\/www.gerster.com\/wp-content\/uploads\/2025\/10\/DSC06679_compressed-1024x1536.jpg 1024w, https:\/\/www.gerster.com\/wp-content\/uploads\/2025\/10\/DSC06679_compressed-1365x2048.jpg 1365w, https:\/\/www.gerster.com\/wp-content\/uploads\/2025\/10\/DSC06679_compressed-8x12.jpg 8w\" sizes=\"auto, (max-width: 1707px) 100vw, 1707px\" \/><\/figure>\n<\/div><\/div>\n\n\n\n<div class=\"wp-block-column is-layout-flow wp-block-column-is-layout-flow\"><div class=\"wp-block-image\">\n<figure class=\"alignleft size-full\"><img loading=\"lazy\" decoding=\"async\" width=\"640\" height=\"800\" src=\"https:\/\/www.gerster.com\/wp-content\/uploads\/2025\/10\/Instagram_Besuch_Wirtschaftsministerin.jpg\" alt=\"\" class=\"wp-image-2312\" srcset=\"https:\/\/www.gerster.com\/wp-content\/uploads\/2025\/10\/Instagram_Besuch_Wirtschaftsministerin.jpg 640w, https:\/\/www.gerster.com\/wp-content\/uploads\/2025\/10\/Instagram_Besuch_Wirtschaftsministerin-240x300.jpg 240w, https:\/\/www.gerster.com\/wp-content\/uploads\/2025\/10\/Instagram_Besuch_Wirtschaftsministerin-10x12.jpg 10w\" sizes=\"auto, (max-width: 640px) 100vw, 640px\" \/><\/figure>\n<\/div><\/div>\n\n\n\n<div class=\"wp-block-column is-layout-flow wp-block-column-is-layout-flow\"><div class=\"wp-block-image\">\n<figure class=\"alignright size-full\"><img loading=\"lazy\" decoding=\"async\" width=\"1920\" height=\"2560\" src=\"https:\/\/www.gerster.com\/wp-content\/uploads\/2025\/10\/IMG_5965-scaled.jpg\" alt=\"\" class=\"wp-image-2313\" srcset=\"https:\/\/www.gerster.com\/wp-content\/uploads\/2025\/10\/IMG_5965-scaled.jpg 1920w, https:\/\/www.gerster.com\/wp-content\/uploads\/2025\/10\/IMG_5965-225x300.jpg 225w, https:\/\/www.gerster.com\/wp-content\/uploads\/2025\/10\/IMG_5965-768x1024.jpg 768w, https:\/\/www.gerster.com\/wp-content\/uploads\/2025\/10\/IMG_5965-1152x1536.jpg 1152w, https:\/\/www.gerster.com\/wp-content\/uploads\/2025\/10\/IMG_5965-1536x2048.jpg 1536w, https:\/\/www.gerster.com\/wp-content\/uploads\/2025\/10\/IMG_5965-9x12.jpg 9w\" sizes=\"auto, (max-width: 1920px) 100vw, 1920px\" \/><\/figure>\n<\/div><\/div>\n<\/div>","protected":false},"excerpt":{"rendered":"<p>Am 9. September 2025 durften wir Frau Dr. Nicole Hoffmeister-Kraut, Wirtschaftsministerin des Landes Baden-W\u00fcrttemberg, den Landtagsabgeordneten Thomas D\u00f6rflinger sowie Vertreterinnen und Vertreter der CDU, des Landratsamts und der Stadt Biberach in unserem Unternehmen begr\u00fc\u00dfen. Im Mittelpunkt standen Einblicke in unsere \u00fcber 140-j\u00e4hrige Unternehmensgeschichte, die kontinuierliche Weiterentwicklung sowie die aktuellen Gesch\u00e4ftsfelder von Gerster \u2013 von innovativen [&hellip;]<\/p>\n","protected":false},"author":1,"featured_media":2060,"comment_status":"closed","ping_status":"open","sticky":false,"template":"","format":"standard","meta":{"_acf_changed":false,"footnotes":""},"categories":[3],"tags":[],"class_list":["post-2311","post","type-post","status-publish","format-standard","has-post-thumbnail","hentry","category-news"],"acf":[],"yoast_head":"<!-- This site is optimized with the Yoast SEO plugin v27.5 - https:\/\/yoast.com\/product\/yoast-seo-wordpress\/ -->\n<title>Besuch bei der Gustav Gerster GmbH &amp; Co. KG in Biberach - Gerster HeimTex - Ihr Partner f\u00fcr hochwertige Gardinen, B\u00e4nder &amp; Accessoires<\/title>\n<meta name=\"robots\" content=\"index, follow, max-snippet:-1, max-image-preview:large, max-video-preview:-1\" \/>\n<link rel=\"canonical\" href=\"https:\/\/www.gerster.com\/en\/news\/besuch-bei-der-gustav-gerster-gmbh-co-kg-in-biberach\/\" \/>\n<meta property=\"og:locale\" content=\"en_GB\" \/>\n<meta property=\"og:type\" content=\"article\" \/>\n<meta property=\"og:title\" content=\"Besuch bei der Gustav Gerster GmbH &amp; Co. KG in Biberach - Gerster HeimTex - Ihr Partner f\u00fcr hochwertige Gardinen, B\u00e4nder &amp; Accessoires\" \/>\n<meta property=\"og:description\" content=\"Am 9. September 2025 durften wir Frau Dr. Nicole Hoffmeister-Kraut, Wirtschaftsministerin des Landes Baden-W\u00fcrttemberg, den Landtagsabgeordneten Thomas D\u00f6rflinger sowie Vertreterinnen und Vertreter der CDU, des Landratsamts und der Stadt Biberach in unserem Unternehmen begr\u00fc\u00dfen. Im Mittelpunkt standen Einblicke in unsere \u00fcber 140-j\u00e4hrige Unternehmensgeschichte, die kontinuierliche Weiterentwicklung sowie die aktuellen Gesch\u00e4ftsfelder von Gerster \u2013 von innovativen [&hellip;]\" \/>\n<meta property=\"og:url\" content=\"https:\/\/www.gerster.com\/en\/news\/besuch-bei-der-gustav-gerster-gmbh-co-kg-in-biberach\/\" \/>\n<meta property=\"og:site_name\" content=\"Gerster HeimTex - Ihr Partner f\u00fcr hochwertige Gardinen, B\u00e4nder &amp; Accessoires\" \/>\n<meta property=\"article:publisher\" content=\"https:\/\/www.facebook.com\/GersterCollection\" \/>\n<meta property=\"article:published_time\" content=\"2025-10-09T12:06:02+00:00\" \/>\n<meta property=\"article:modified_time\" content=\"2025-10-16T11:59:39+00:00\" \/>\n<meta property=\"og:image\" content=\"https:\/\/www.gerster.com\/wp-content\/uploads\/2025\/05\/DSC06678_gerster-1-scaled.jpg\" \/>\n\t<meta property=\"og:image:width\" content=\"2560\" \/>\n\t<meta property=\"og:image:height\" content=\"1707\" \/>\n\t<meta property=\"og:image:type\" content=\"image\/jpeg\" \/>\n<meta name=\"author\" content=\"Gerster HeimTex\" \/>\n<meta name=\"twitter:card\" content=\"summary_large_image\" \/>\n<meta name=\"twitter:label1\" content=\"Written by\" \/>\n\t<meta name=\"twitter:data1\" content=\"Gerster HeimTex\" \/>\n\t<meta name=\"twitter:label2\" content=\"Estimated reading time\" \/>\n\t<meta name=\"twitter:data2\" content=\"1 minute\" \/>\n<script type=\"application\/ld+json\" class=\"yoast-schema-graph\">{\"@context\":\"https:\\\/\\\/schema.org\",\"@graph\":[{\"@type\":\"Article\",\"@id\":\"https:\\\/\\\/www.gerster.com\\\/news\\\/besuch-bei-der-gustav-gerster-gmbh-co-kg-in-biberach\\\/#article\",\"isPartOf\":{\"@id\":\"https:\\\/\\\/www.gerster.com\\\/news\\\/besuch-bei-der-gustav-gerster-gmbh-co-kg-in-biberach\\\/\"},\"author\":{\"name\":\"Gerster HeimTex\",\"@id\":\"https:\\\/\\\/www.gerster.com\\\/en\\\/#\\\/schema\\\/person\\\/4385cff19acce07e13384c1bd7baa1e6\"},\"headline\":\"Besuch bei der Gustav Gerster GmbH &amp; Co. KG in Biberach\",\"datePublished\":\"2025-10-09T12:06:02+00:00\",\"dateModified\":\"2025-10-16T11:59:39+00:00\",\"mainEntityOfPage\":{\"@id\":\"https:\\\/\\\/www.gerster.com\\\/news\\\/besuch-bei-der-gustav-gerster-gmbh-co-kg-in-biberach\\\/\"},\"wordCount\":139,\"publisher\":{\"@id\":\"https:\\\/\\\/www.gerster.com\\\/en\\\/#organization\"},\"image\":{\"@id\":\"https:\\\/\\\/www.gerster.com\\\/news\\\/besuch-bei-der-gustav-gerster-gmbh-co-kg-in-biberach\\\/#primaryimage\"},\"thumbnailUrl\":\"https:\\\/\\\/www.gerster.com\\\/wp-content\\\/uploads\\\/2025\\\/05\\\/DSC06678_gerster-1-scaled.jpg\",\"articleSection\":[\"News\"],\"inLanguage\":\"en-GB\"},{\"@type\":\"WebPage\",\"@id\":\"https:\\\/\\\/www.gerster.com\\\/news\\\/besuch-bei-der-gustav-gerster-gmbh-co-kg-in-biberach\\\/\",\"url\":\"https:\\\/\\\/www.gerster.com\\\/news\\\/besuch-bei-der-gustav-gerster-gmbh-co-kg-in-biberach\\\/\",\"name\":\"Besuch bei der Gustav Gerster GmbH &amp; Co. KG in Biberach - Gerster HeimTex - Ihr Partner f\u00fcr hochwertige Gardinen, B\u00e4nder &amp; Accessoires\",\"isPartOf\":{\"@id\":\"https:\\\/\\\/www.gerster.com\\\/en\\\/#website\"},\"primaryImageOfPage\":{\"@id\":\"https:\\\/\\\/www.gerster.com\\\/news\\\/besuch-bei-der-gustav-gerster-gmbh-co-kg-in-biberach\\\/#primaryimage\"},\"image\":{\"@id\":\"https:\\\/\\\/www.gerster.com\\\/news\\\/besuch-bei-der-gustav-gerster-gmbh-co-kg-in-biberach\\\/#primaryimage\"},\"thumbnailUrl\":\"https:\\\/\\\/www.gerster.com\\\/wp-content\\\/uploads\\\/2025\\\/05\\\/DSC06678_gerster-1-scaled.jpg\",\"datePublished\":\"2025-10-09T12:06:02+00:00\",\"dateModified\":\"2025-10-16T11:59:39+00:00\",\"breadcrumb\":{\"@id\":\"https:\\\/\\\/www.gerster.com\\\/news\\\/besuch-bei-der-gustav-gerster-gmbh-co-kg-in-biberach\\\/#breadcrumb\"},\"inLanguage\":\"en-GB\",\"potentialAction\":[{\"@type\":\"ReadAction\",\"target\":[\"https:\\\/\\\/www.gerster.com\\\/news\\\/besuch-bei-der-gustav-gerster-gmbh-co-kg-in-biberach\\\/\"]}]},{\"@type\":\"ImageObject\",\"inLanguage\":\"en-GB\",\"@id\":\"https:\\\/\\\/www.gerster.com\\\/news\\\/besuch-bei-der-gustav-gerster-gmbh-co-kg-in-biberach\\\/#primaryimage\",\"url\":\"https:\\\/\\\/www.gerster.com\\\/wp-content\\\/uploads\\\/2025\\\/05\\\/DSC06678_gerster-1-scaled.jpg\",\"contentUrl\":\"https:\\\/\\\/www.gerster.com\\\/wp-content\\\/uploads\\\/2025\\\/05\\\/DSC06678_gerster-1-scaled.jpg\",\"width\":2560,\"height\":1707},{\"@type\":\"BreadcrumbList\",\"@id\":\"https:\\\/\\\/www.gerster.com\\\/news\\\/besuch-bei-der-gustav-gerster-gmbh-co-kg-in-biberach\\\/#breadcrumb\",\"itemListElement\":[{\"@type\":\"ListItem\",\"position\":1,\"name\":\"Startseite\",\"item\":\"https:\\\/\\\/www.gerster.com\\\/\"},{\"@type\":\"ListItem\",\"position\":2,\"name\":\"Besuch bei der Gustav Gerster GmbH &amp; Co. KG in Biberach\"}]},{\"@type\":\"WebSite\",\"@id\":\"https:\\\/\\\/www.gerster.com\\\/en\\\/#website\",\"url\":\"https:\\\/\\\/www.gerster.com\\\/en\\\/\",\"name\":\"Gerster HeimTex - Ihr Partner f\u00fcr hochwertige Gardinen, B\u00e4nder & Accessoires\",\"description\":\"\",\"publisher\":{\"@id\":\"https:\\\/\\\/www.gerster.com\\\/en\\\/#organization\"},\"potentialAction\":[{\"@type\":\"SearchAction\",\"target\":{\"@type\":\"EntryPoint\",\"urlTemplate\":\"https:\\\/\\\/www.gerster.com\\\/en\\\/?s={search_term_string}\"},\"query-input\":{\"@type\":\"PropertyValueSpecification\",\"valueRequired\":true,\"valueName\":\"search_term_string\"}}],\"inLanguage\":\"en-GB\"},{\"@type\":\"Organization\",\"@id\":\"https:\\\/\\\/www.gerster.com\\\/en\\\/#organization\",\"name\":\"Gerster HeimTex - Ihr Partner f\u00fcr hochwertige Gardinen, B\u00e4nder & Accessoires\",\"url\":\"https:\\\/\\\/www.gerster.com\\\/en\\\/\",\"logo\":{\"@type\":\"ImageObject\",\"inLanguage\":\"en-GB\",\"@id\":\"https:\\\/\\\/www.gerster.com\\\/en\\\/#\\\/schema\\\/logo\\\/image\\\/\",\"url\":\"https:\\\/\\\/www.gerster.com\\\/wp-content\\\/uploads\\\/2025\\\/05\\\/gerster-hometex-logo.png\",\"contentUrl\":\"https:\\\/\\\/www.gerster.com\\\/wp-content\\\/uploads\\\/2025\\\/05\\\/gerster-hometex-logo.png\",\"width\":213,\"height\":84,\"caption\":\"Gerster HeimTex - Ihr Partner f\u00fcr hochwertige Gardinen, B\u00e4nder & Accessoires\"},\"image\":{\"@id\":\"https:\\\/\\\/www.gerster.com\\\/en\\\/#\\\/schema\\\/logo\\\/image\\\/\"},\"sameAs\":[\"https:\\\/\\\/www.facebook.com\\\/GersterCollection\",\"https:\\\/\\\/www.instagram.com\\\/gerster_biberach\\\/\",\"https:\\\/\\\/www.youtube.com\\\/user\\\/GersterCollection\\\/videos\"]},{\"@type\":\"Person\",\"@id\":\"https:\\\/\\\/www.gerster.com\\\/en\\\/#\\\/schema\\\/person\\\/4385cff19acce07e13384c1bd7baa1e6\",\"name\":\"Gerster HeimTex\",\"image\":{\"@type\":\"ImageObject\",\"inLanguage\":\"en-GB\",\"@id\":\"https:\\\/\\\/secure.gravatar.com\\\/avatar\\\/4ac99d71907a59b8010a7e2e86eb72136a2e160ad811132df48b072598d32e13?s=96&d=mm&r=g\",\"url\":\"https:\\\/\\\/secure.gravatar.com\\\/avatar\\\/4ac99d71907a59b8010a7e2e86eb72136a2e160ad811132df48b072598d32e13?s=96&d=mm&r=g\",\"contentUrl\":\"https:\\\/\\\/secure.gravatar.com\\\/avatar\\\/4ac99d71907a59b8010a7e2e86eb72136a2e160ad811132df48b072598d32e13?s=96&d=mm&r=g\",\"caption\":\"Gerster HeimTex\"},\"sameAs\":[\"http:\\\/\\\/localhost\\\/gerster-heimtex\"],\"url\":\"https:\\\/\\\/www.gerster.com\\\/en\\\/author\\\/gerster-heimtex\\\/\"}]}<\/script>\n<!-- \/ Yoast SEO plugin. -->","yoast_head_json":{"title":"Besuch bei der Gustav Gerster GmbH &amp; Co. KG in Biberach - Gerster HeimTex - Ihr Partner f\u00fcr hochwertige Gardinen, B\u00e4nder &amp; Accessoires","robots":{"index":"index","follow":"follow","max-snippet":"max-snippet:-1","max-image-preview":"max-image-preview:large","max-video-preview":"max-video-preview:-1"},"canonical":"https:\/\/www.gerster.com\/en\/news\/besuch-bei-der-gustav-gerster-gmbh-co-kg-in-biberach\/","og_locale":"en_GB","og_type":"article","og_title":"Besuch bei der Gustav Gerster GmbH &amp; Co. KG in Biberach - Gerster HeimTex - Ihr Partner f\u00fcr hochwertige Gardinen, B\u00e4nder &amp; Accessoires","og_description":"Am 9. September 2025 durften wir Frau Dr. Nicole Hoffmeister-Kraut, Wirtschaftsministerin des Landes Baden-W\u00fcrttemberg, den Landtagsabgeordneten Thomas D\u00f6rflinger sowie Vertreterinnen und Vertreter der CDU, des Landratsamts und der Stadt Biberach in unserem Unternehmen begr\u00fc\u00dfen. Im Mittelpunkt standen Einblicke in unsere \u00fcber 140-j\u00e4hrige Unternehmensgeschichte, die kontinuierliche Weiterentwicklung sowie die aktuellen Gesch\u00e4ftsfelder von Gerster \u2013 von innovativen [&hellip;]","og_url":"https:\/\/www.gerster.com\/en\/news\/besuch-bei-der-gustav-gerster-gmbh-co-kg-in-biberach\/","og_site_name":"Gerster HeimTex - Ihr Partner f\u00fcr hochwertige Gardinen, B\u00e4nder &amp; Accessoires","article_publisher":"https:\/\/www.facebook.com\/GersterCollection","article_published_time":"2025-10-09T12:06:02+00:00","article_modified_time":"2025-10-16T11:59:39+00:00","og_image":[{"width":2560,"height":1707,"url":"https:\/\/www.gerster.com\/wp-content\/uploads\/2025\/05\/DSC06678_gerster-1-scaled.jpg","type":"image\/jpeg"}],"author":"Gerster HeimTex","twitter_card":"summary_large_image","twitter_misc":{"Written by":"Gerster HeimTex","Estimated reading time":"1 minute"},"schema":{"@context":"https:\/\/schema.org","@graph":[{"@type":"Article","@id":"https:\/\/www.gerster.com\/news\/besuch-bei-der-gustav-gerster-gmbh-co-kg-in-biberach\/#article","isPartOf":{"@id":"https:\/\/www.gerster.com\/news\/besuch-bei-der-gustav-gerster-gmbh-co-kg-in-biberach\/"},"author":{"name":"Gerster HeimTex","@id":"https:\/\/www.gerster.com\/en\/#\/schema\/person\/4385cff19acce07e13384c1bd7baa1e6"},"headline":"Besuch bei der Gustav Gerster GmbH &amp; Co. KG in Biberach","datePublished":"2025-10-09T12:06:02+00:00","dateModified":"2025-10-16T11:59:39+00:00","mainEntityOfPage":{"@id":"https:\/\/www.gerster.com\/news\/besuch-bei-der-gustav-gerster-gmbh-co-kg-in-biberach\/"},"wordCount":139,"publisher":{"@id":"https:\/\/www.gerster.com\/en\/#organization"},"image":{"@id":"https:\/\/www.gerster.com\/news\/besuch-bei-der-gustav-gerster-gmbh-co-kg-in-biberach\/#primaryimage"},"thumbnailUrl":"https:\/\/www.gerster.com\/wp-content\/uploads\/2025\/05\/DSC06678_gerster-1-scaled.jpg","articleSection":["News"],"inLanguage":"en-GB"},{"@type":"WebPage","@id":"https:\/\/www.gerster.com\/news\/besuch-bei-der-gustav-gerster-gmbh-co-kg-in-biberach\/","url":"https:\/\/www.gerster.com\/news\/besuch-bei-der-gustav-gerster-gmbh-co-kg-in-biberach\/","name":"Besuch bei der Gustav Gerster GmbH &amp; Co. KG in Biberach - Gerster HeimTex - Ihr Partner f\u00fcr hochwertige Gardinen, B\u00e4nder &amp; Accessoires","isPartOf":{"@id":"https:\/\/www.gerster.com\/en\/#website"},"primaryImageOfPage":{"@id":"https:\/\/www.gerster.com\/news\/besuch-bei-der-gustav-gerster-gmbh-co-kg-in-biberach\/#primaryimage"},"image":{"@id":"https:\/\/www.gerster.com\/news\/besuch-bei-der-gustav-gerster-gmbh-co-kg-in-biberach\/#primaryimage"},"thumbnailUrl":"https:\/\/www.gerster.com\/wp-content\/uploads\/2025\/05\/DSC06678_gerster-1-scaled.jpg","datePublished":"2025-10-09T12:06:02+00:00","dateModified":"2025-10-16T11:59:39+00:00","breadcrumb":{"@id":"https:\/\/www.gerster.com\/news\/besuch-bei-der-gustav-gerster-gmbh-co-kg-in-biberach\/#breadcrumb"},"inLanguage":"en-GB","potentialAction":[{"@type":"ReadAction","target":["https:\/\/www.gerster.com\/news\/besuch-bei-der-gustav-gerster-gmbh-co-kg-in-biberach\/"]}]},{"@type":"ImageObject","inLanguage":"en-GB","@id":"https:\/\/www.gerster.com\/news\/besuch-bei-der-gustav-gerster-gmbh-co-kg-in-biberach\/#primaryimage","url":"https:\/\/www.gerster.com\/wp-content\/uploads\/2025\/05\/DSC06678_gerster-1-scaled.jpg","contentUrl":"https:\/\/www.gerster.com\/wp-content\/uploads\/2025\/05\/DSC06678_gerster-1-scaled.jpg","width":2560,"height":1707},{"@type":"BreadcrumbList","@id":"https:\/\/www.gerster.com\/news\/besuch-bei-der-gustav-gerster-gmbh-co-kg-in-biberach\/#breadcrumb","itemListElement":[{"@type":"ListItem","position":1,"name":"Startseite","item":"https:\/\/www.gerster.com\/"},{"@type":"ListItem","position":2,"name":"Besuch bei der Gustav Gerster GmbH &amp; Co. KG in Biberach"}]},{"@type":"WebSite","@id":"https:\/\/www.gerster.com\/en\/#website","url":"https:\/\/www.gerster.com\/en\/","name":"Gerster HeimTex - Ihr Partner f\u00fcr hochwertige Gardinen, B\u00e4nder & Accessoires","description":"","publisher":{"@id":"https:\/\/www.gerster.com\/en\/#organization"},"potentialAction":[{"@type":"SearchAction","target":{"@type":"EntryPoint","urlTemplate":"https:\/\/www.gerster.com\/en\/?s={search_term_string}"},"query-input":{"@type":"PropertyValueSpecification","valueRequired":true,"valueName":"search_term_string"}}],"inLanguage":"en-GB"},{"@type":"Organization","@id":"https:\/\/www.gerster.com\/en\/#organization","name":"Gerster HeimTex - Ihr Partner f\u00fcr hochwertige Gardinen, B\u00e4nder & Accessoires","url":"https:\/\/www.gerster.com\/en\/","logo":{"@type":"ImageObject","inLanguage":"en-GB","@id":"https:\/\/www.gerster.com\/en\/#\/schema\/logo\/image\/","url":"https:\/\/www.gerster.com\/wp-content\/uploads\/2025\/05\/gerster-hometex-logo.png","contentUrl":"https:\/\/www.gerster.com\/wp-content\/uploads\/2025\/05\/gerster-hometex-logo.png","width":213,"height":84,"caption":"Gerster HeimTex - Ihr Partner f\u00fcr hochwertige Gardinen, B\u00e4nder & Accessoires"},"image":{"@id":"https:\/\/www.gerster.com\/en\/#\/schema\/logo\/image\/"},"sameAs":["https:\/\/www.facebook.com\/GersterCollection","https:\/\/www.instagram.com\/gerster_biberach\/","https:\/\/www.youtube.com\/user\/GersterCollection\/videos"]},{"@type":"Person","@id":"https:\/\/www.gerster.com\/en\/#\/schema\/person\/4385cff19acce07e13384c1bd7baa1e6","name":"Gerster HeimTex","image":{"@type":"ImageObject","inLanguage":"en-GB","@id":"https:\/\/secure.gravatar.com\/avatar\/4ac99d71907a59b8010a7e2e86eb72136a2e160ad811132df48b072598d32e13?s=96&d=mm&r=g","url":"https:\/\/secure.gravatar.com\/avatar\/4ac99d71907a59b8010a7e2e86eb72136a2e160ad811132df48b072598d32e13?s=96&d=mm&r=g","contentUrl":"https:\/\/secure.gravatar.com\/avatar\/4ac99d71907a59b8010a7e2e86eb72136a2e160ad811132df48b072598d32e13?s=96&d=mm&r=g","caption":"Gerster HeimTex"},"sameAs":["http:\/\/localhost\/gerster-heimtex"],"url":"https:\/\/www.gerster.com\/en\/author\/gerster-heimtex\/"}]}},"_links":{"self":[{"href":"https:\/\/www.gerster.com\/en\/wp-json\/wp\/v2\/posts\/2311","targetHints":{"allow":["GET"]}}],"collection":[{"href":"https:\/\/www.gerster.com\/en\/wp-json\/wp\/v2\/posts"}],"about":[{"href":"https:\/\/www.gerster.com\/en\/wp-json\/wp\/v2\/types\/post"}],"author":[{"embeddable":true,"href":"https:\/\/www.gerster.com\/en\/wp-json\/wp\/v2\/users\/1"}],"replies":[{"embeddable":true,"href":"https:\/\/www.gerster.com\/en\/wp-json\/wp\/v2\/comments?post=2311"}],"version-history":[{"count":32,"href":"https:\/\/www.gerster.com\/en\/wp-json\/wp\/v2\/posts\/2311\/revisions"}],"predecessor-version":[{"id":2528,"href":"https:\/\/www.gerster.com\/en\/wp-json\/wp\/v2\/posts\/2311\/revisions\/2528"}],"wp:featuredmedia":[{"embeddable":true,"href":"https:\/\/www.gerster.com\/en\/wp-json\/wp\/v2\/media\/2060"}],"wp:attachment":[{"href":"https:\/\/www.gerster.com\/en\/wp-json\/wp\/v2\/media?parent=2311"}],"wp:term":[{"taxonomy":"category","embeddable":true,"href":"https:\/\/www.gerster.com\/en\/wp-json\/wp\/v2\/categories?post=2311"},{"taxonomy":"post_tag","embeddable":true,"href":"https:\/\/www.gerster.com\/en\/wp-json\/wp\/v2\/tags?post=2311"}],"curies":[{"name":"wp","href":"https:\/\/api.w.org\/{rel}","templated":true}]}}