{"id":2421,"date":"2025-10-15T11:44:32","date_gmt":"2025-10-15T09:44:32","guid":{"rendered":"https:\/\/www.gerster.com\/?p=2421"},"modified":"2026-02-02T09:17:39","modified_gmt":"2026-02-02T08:17:39","slug":"ausbildungsstart-2025-elf-auszubildende-verstaerken-unser-team-ab-01-09-2025","status":"publish","type":"post","link":"https:\/\/www.gerster.com\/en\/news\/ausbildungsstart-2025-elf-auszubildende-verstaerken-unser-team-ab-01-09-2025\/","title":{"rendered":"Start of training in 2025: Eleven trainees will be joining our team on 1 September 2025."},"content":{"rendered":"<p>On 1 September 2025, eleven new trainees joined us in various departments. We extend a warm welcome to them and look forward to their fresh ideas, curiosity and team spirit.<\/p>\n\n\n\n<p class=\"translation-block\">We place particular emphasis on the rotation principle:<strong> <\/strong>Our trainees rotate through <strong>all relevant departments and areas <\/strong>within the company. This enables them to gain a comprehensive understanding of our processes, discover their strengths and develop a broad understanding of our business \u2013 from central functions to operational teams.<\/p>\n\n\n\n<p><strong>What sets GERSTER apart:<\/strong><\/p>\n\n\n\n<ul class=\"wp-block-list\">\n<li>A structured induction week featuring site tours and training sessions<\/li>\n\n\n\n<li>designated contact persons in the departments<\/li>\n\n\n\n<li>Rotational placements for a 360\u00b0 understanding of the company<\/li>\n\n\n\n<li>Practical projects, regular feedback and good prospects of being taken on\u00a0<\/li>\n<\/ul>\n\n\n\n<p><br><strong>\u201cFresh ideas, new perspectives and team spirit \u2013 that\u2019s exactly what the start of the training programme brings. We create the best conditions for a successful start.\u201d<\/strong><\/p>\n\n\n\n<div style=\"height:100px\" aria-hidden=\"true\" class=\"wp-block-spacer\"><\/div>\n\n\n\n<figure class=\"wp-block-image size-large\"><img loading=\"lazy\" decoding=\"async\" width=\"1024\" height=\"681\" src=\"https:\/\/www.gerster.com\/wp-content\/uploads\/2025\/10\/Azubi-2025_4-1024x681.jpg\" alt=\"\" class=\"wp-image-2422\" srcset=\"https:\/\/www.gerster.com\/wp-content\/uploads\/2025\/10\/Azubi-2025_4-1024x681.jpg 1024w, https:\/\/www.gerster.com\/wp-content\/uploads\/2025\/10\/Azubi-2025_4-300x199.jpg 300w, https:\/\/www.gerster.com\/wp-content\/uploads\/2025\/10\/Azubi-2025_4-768x511.jpg 768w, https:\/\/www.gerster.com\/wp-content\/uploads\/2025\/10\/Azubi-2025_4-1536x1021.jpg 1536w, https:\/\/www.gerster.com\/wp-content\/uploads\/2025\/10\/Azubi-2025_4-2048x1362.jpg 2048w, https:\/\/www.gerster.com\/wp-content\/uploads\/2025\/10\/Azubi-2025_4-18x12.jpg 18w\" sizes=\"auto, (max-width: 1024px) 100vw, 1024px\" \/><\/figure>","protected":false},"excerpt":{"rendered":"<p>Zum 1. September 2025 haben Elf neue Auszubildende in verschiedenen Bereichen bei uns begonnen. Wir hei\u00dfen sie herzlich willkommen und freuen uns auf frische Impulse, Neugier und Teamgeist. Ein besonderer Fokus liegt auf dem Rotationsprinzip:&nbsp;Unsere Auszubildenden durchlaufen&nbsp;alle relevanten Abteilungen und Bereiche&nbsp;im Unternehmen. So lernen sie Prozesse ganzheitlich kennen, entdecken ihre St\u00e4rken und bauen ein breites [&hellip;]<\/p>\n","protected":false},"author":1,"featured_media":2061,"comment_status":"closed","ping_status":"open","sticky":false,"template":"","format":"standard","meta":{"_acf_changed":false,"footnotes":""},"categories":[3],"tags":[],"class_list":["post-2421","post","type-post","status-publish","format-standard","has-post-thumbnail","hentry","category-news"],"acf":[],"yoast_head":"<!-- This site is optimized with the Yoast SEO plugin v27.5 - https:\/\/yoast.com\/product\/yoast-seo-wordpress\/ -->\n<title>Ausbildungsstart 2025: Elf Auszubildende verst\u00e4rken unser Team ab 01.09.2025 - Gerster HeimTex - Ihr Partner f\u00fcr hochwertige Gardinen, B\u00e4nder &amp; Accessoires<\/title>\n<meta name=\"robots\" content=\"index, follow, max-snippet:-1, max-image-preview:large, max-video-preview:-1\" \/>\n<link rel=\"canonical\" href=\"https:\/\/www.gerster.com\/en\/news\/ausbildungsstart-2025-elf-auszubildende-verstaerken-unser-team-ab-01-09-2025\/\" \/>\n<meta property=\"og:locale\" content=\"en_GB\" \/>\n<meta property=\"og:type\" content=\"article\" \/>\n<meta property=\"og:title\" content=\"Ausbildungsstart 2025: Elf Auszubildende verst\u00e4rken unser Team ab 01.09.2025 - Gerster HeimTex - Ihr Partner f\u00fcr hochwertige Gardinen, B\u00e4nder &amp; Accessoires\" \/>\n<meta property=\"og:description\" content=\"Zum 1. September 2025 haben Elf neue Auszubildende in verschiedenen Bereichen bei uns begonnen. Wir hei\u00dfen sie herzlich willkommen und freuen uns auf frische Impulse, Neugier und Teamgeist. Ein besonderer Fokus liegt auf dem Rotationsprinzip:&nbsp;Unsere Auszubildenden durchlaufen&nbsp;alle relevanten Abteilungen und Bereiche&nbsp;im Unternehmen. So lernen sie Prozesse ganzheitlich kennen, entdecken ihre St\u00e4rken und bauen ein breites [&hellip;]\" \/>\n<meta property=\"og:url\" content=\"https:\/\/www.gerster.com\/en\/news\/ausbildungsstart-2025-elf-auszubildende-verstaerken-unser-team-ab-01-09-2025\/\" \/>\n<meta property=\"og:site_name\" content=\"Gerster HeimTex - Ihr Partner f\u00fcr hochwertige Gardinen, B\u00e4nder &amp; Accessoires\" \/>\n<meta property=\"article:publisher\" content=\"https:\/\/www.facebook.com\/GersterCollection\" \/>\n<meta property=\"article:published_time\" content=\"2025-10-15T09:44:32+00:00\" \/>\n<meta property=\"article:modified_time\" content=\"2026-02-02T08:17:39+00:00\" \/>\n<meta property=\"og:image\" content=\"https:\/\/www.gerster.com\/wp-content\/uploads\/2025\/05\/DSC06625_gerster-2-scaled.jpg\" \/>\n\t<meta property=\"og:image:width\" content=\"2560\" \/>\n\t<meta property=\"og:image:height\" content=\"1707\" \/>\n\t<meta property=\"og:image:type\" content=\"image\/jpeg\" \/>\n<meta name=\"author\" content=\"Gerster HeimTex\" \/>\n<meta name=\"twitter:card\" content=\"summary_large_image\" \/>\n<meta name=\"twitter:label1\" content=\"Written by\" \/>\n\t<meta name=\"twitter:data1\" content=\"Gerster HeimTex\" \/>\n\t<meta name=\"twitter:label2\" content=\"Estimated reading time\" \/>\n\t<meta name=\"twitter:data2\" content=\"1 minute\" \/>\n<script type=\"application\/ld+json\" class=\"yoast-schema-graph\">{\"@context\":\"https:\\\/\\\/schema.org\",\"@graph\":[{\"@type\":\"Article\",\"@id\":\"https:\\\/\\\/www.gerster.com\\\/news\\\/ausbildungsstart-2025-elf-auszubildende-verstaerken-unser-team-ab-01-09-2025\\\/#article\",\"isPartOf\":{\"@id\":\"https:\\\/\\\/www.gerster.com\\\/news\\\/ausbildungsstart-2025-elf-auszubildende-verstaerken-unser-team-ab-01-09-2025\\\/\"},\"author\":{\"name\":\"Gerster HeimTex\",\"@id\":\"https:\\\/\\\/www.gerster.com\\\/en\\\/#\\\/schema\\\/person\\\/4385cff19acce07e13384c1bd7baa1e6\"},\"headline\":\"Ausbildungsstart 2025: Elf Auszubildende verst\u00e4rken unser Team ab 01.09.2025\",\"datePublished\":\"2025-10-15T09:44:32+00:00\",\"dateModified\":\"2026-02-02T08:17:39+00:00\",\"mainEntityOfPage\":{\"@id\":\"https:\\\/\\\/www.gerster.com\\\/news\\\/ausbildungsstart-2025-elf-auszubildende-verstaerken-unser-team-ab-01-09-2025\\\/\"},\"wordCount\":139,\"publisher\":{\"@id\":\"https:\\\/\\\/www.gerster.com\\\/en\\\/#organization\"},\"image\":{\"@id\":\"https:\\\/\\\/www.gerster.com\\\/news\\\/ausbildungsstart-2025-elf-auszubildende-verstaerken-unser-team-ab-01-09-2025\\\/#primaryimage\"},\"thumbnailUrl\":\"https:\\\/\\\/www.gerster.com\\\/wp-content\\\/uploads\\\/2025\\\/05\\\/DSC06625_gerster-2-scaled.jpg\",\"articleSection\":[\"News\"],\"inLanguage\":\"en-GB\"},{\"@type\":\"WebPage\",\"@id\":\"https:\\\/\\\/www.gerster.com\\\/news\\\/ausbildungsstart-2025-elf-auszubildende-verstaerken-unser-team-ab-01-09-2025\\\/\",\"url\":\"https:\\\/\\\/www.gerster.com\\\/news\\\/ausbildungsstart-2025-elf-auszubildende-verstaerken-unser-team-ab-01-09-2025\\\/\",\"name\":\"Ausbildungsstart 2025: Elf Auszubildende verst\u00e4rken unser Team ab 01.09.2025 - Gerster HeimTex - Ihr Partner f\u00fcr hochwertige Gardinen, B\u00e4nder &amp; Accessoires\",\"isPartOf\":{\"@id\":\"https:\\\/\\\/www.gerster.com\\\/en\\\/#website\"},\"primaryImageOfPage\":{\"@id\":\"https:\\\/\\\/www.gerster.com\\\/news\\\/ausbildungsstart-2025-elf-auszubildende-verstaerken-unser-team-ab-01-09-2025\\\/#primaryimage\"},\"image\":{\"@id\":\"https:\\\/\\\/www.gerster.com\\\/news\\\/ausbildungsstart-2025-elf-auszubildende-verstaerken-unser-team-ab-01-09-2025\\\/#primaryimage\"},\"thumbnailUrl\":\"https:\\\/\\\/www.gerster.com\\\/wp-content\\\/uploads\\\/2025\\\/05\\\/DSC06625_gerster-2-scaled.jpg\",\"datePublished\":\"2025-10-15T09:44:32+00:00\",\"dateModified\":\"2026-02-02T08:17:39+00:00\",\"breadcrumb\":{\"@id\":\"https:\\\/\\\/www.gerster.com\\\/news\\\/ausbildungsstart-2025-elf-auszubildende-verstaerken-unser-team-ab-01-09-2025\\\/#breadcrumb\"},\"inLanguage\":\"en-GB\",\"potentialAction\":[{\"@type\":\"ReadAction\",\"target\":[\"https:\\\/\\\/www.gerster.com\\\/news\\\/ausbildungsstart-2025-elf-auszubildende-verstaerken-unser-team-ab-01-09-2025\\\/\"]}]},{\"@type\":\"ImageObject\",\"inLanguage\":\"en-GB\",\"@id\":\"https:\\\/\\\/www.gerster.com\\\/news\\\/ausbildungsstart-2025-elf-auszubildende-verstaerken-unser-team-ab-01-09-2025\\\/#primaryimage\",\"url\":\"https:\\\/\\\/www.gerster.com\\\/wp-content\\\/uploads\\\/2025\\\/05\\\/DSC06625_gerster-2-scaled.jpg\",\"contentUrl\":\"https:\\\/\\\/www.gerster.com\\\/wp-content\\\/uploads\\\/2025\\\/05\\\/DSC06625_gerster-2-scaled.jpg\",\"width\":2560,\"height\":1707},{\"@type\":\"BreadcrumbList\",\"@id\":\"https:\\\/\\\/www.gerster.com\\\/news\\\/ausbildungsstart-2025-elf-auszubildende-verstaerken-unser-team-ab-01-09-2025\\\/#breadcrumb\",\"itemListElement\":[{\"@type\":\"ListItem\",\"position\":1,\"name\":\"Startseite\",\"item\":\"https:\\\/\\\/www.gerster.com\\\/\"},{\"@type\":\"ListItem\",\"position\":2,\"name\":\"Ausbildungsstart 2025: Elf Auszubildende verst\u00e4rken unser Team ab 01.09.2025\"}]},{\"@type\":\"WebSite\",\"@id\":\"https:\\\/\\\/www.gerster.com\\\/en\\\/#website\",\"url\":\"https:\\\/\\\/www.gerster.com\\\/en\\\/\",\"name\":\"Gerster HeimTex - Ihr Partner f\u00fcr hochwertige Gardinen, B\u00e4nder & Accessoires\",\"description\":\"\",\"publisher\":{\"@id\":\"https:\\\/\\\/www.gerster.com\\\/en\\\/#organization\"},\"potentialAction\":[{\"@type\":\"SearchAction\",\"target\":{\"@type\":\"EntryPoint\",\"urlTemplate\":\"https:\\\/\\\/www.gerster.com\\\/en\\\/?s={search_term_string}\"},\"query-input\":{\"@type\":\"PropertyValueSpecification\",\"valueRequired\":true,\"valueName\":\"search_term_string\"}}],\"inLanguage\":\"en-GB\"},{\"@type\":\"Organization\",\"@id\":\"https:\\\/\\\/www.gerster.com\\\/en\\\/#organization\",\"name\":\"Gerster HeimTex - Ihr Partner f\u00fcr hochwertige Gardinen, B\u00e4nder & Accessoires\",\"url\":\"https:\\\/\\\/www.gerster.com\\\/en\\\/\",\"logo\":{\"@type\":\"ImageObject\",\"inLanguage\":\"en-GB\",\"@id\":\"https:\\\/\\\/www.gerster.com\\\/en\\\/#\\\/schema\\\/logo\\\/image\\\/\",\"url\":\"https:\\\/\\\/www.gerster.com\\\/wp-content\\\/uploads\\\/2025\\\/05\\\/gerster-hometex-logo.png\",\"contentUrl\":\"https:\\\/\\\/www.gerster.com\\\/wp-content\\\/uploads\\\/2025\\\/05\\\/gerster-hometex-logo.png\",\"width\":213,\"height\":84,\"caption\":\"Gerster HeimTex - Ihr Partner f\u00fcr hochwertige Gardinen, B\u00e4nder & Accessoires\"},\"image\":{\"@id\":\"https:\\\/\\\/www.gerster.com\\\/en\\\/#\\\/schema\\\/logo\\\/image\\\/\"},\"sameAs\":[\"https:\\\/\\\/www.facebook.com\\\/GersterCollection\",\"https:\\\/\\\/www.instagram.com\\\/gerster_biberach\\\/\",\"https:\\\/\\\/www.youtube.com\\\/user\\\/GersterCollection\\\/videos\"]},{\"@type\":\"Person\",\"@id\":\"https:\\\/\\\/www.gerster.com\\\/en\\\/#\\\/schema\\\/person\\\/4385cff19acce07e13384c1bd7baa1e6\",\"name\":\"Gerster HeimTex\",\"image\":{\"@type\":\"ImageObject\",\"inLanguage\":\"en-GB\",\"@id\":\"https:\\\/\\\/secure.gravatar.com\\\/avatar\\\/4ac99d71907a59b8010a7e2e86eb72136a2e160ad811132df48b072598d32e13?s=96&d=mm&r=g\",\"url\":\"https:\\\/\\\/secure.gravatar.com\\\/avatar\\\/4ac99d71907a59b8010a7e2e86eb72136a2e160ad811132df48b072598d32e13?s=96&d=mm&r=g\",\"contentUrl\":\"https:\\\/\\\/secure.gravatar.com\\\/avatar\\\/4ac99d71907a59b8010a7e2e86eb72136a2e160ad811132df48b072598d32e13?s=96&d=mm&r=g\",\"caption\":\"Gerster HeimTex\"},\"sameAs\":[\"http:\\\/\\\/localhost\\\/gerster-heimtex\"],\"url\":\"https:\\\/\\\/www.gerster.com\\\/en\\\/author\\\/gerster-heimtex\\\/\"}]}<\/script>\n<!-- \/ Yoast SEO plugin. -->","yoast_head_json":{"title":"Ausbildungsstart 2025: Elf Auszubildende verst\u00e4rken unser Team ab 01.09.2025 - Gerster HeimTex - Ihr Partner f\u00fcr hochwertige Gardinen, B\u00e4nder &amp; Accessoires","robots":{"index":"index","follow":"follow","max-snippet":"max-snippet:-1","max-image-preview":"max-image-preview:large","max-video-preview":"max-video-preview:-1"},"canonical":"https:\/\/www.gerster.com\/en\/news\/ausbildungsstart-2025-elf-auszubildende-verstaerken-unser-team-ab-01-09-2025\/","og_locale":"en_GB","og_type":"article","og_title":"Ausbildungsstart 2025: Elf Auszubildende verst\u00e4rken unser Team ab 01.09.2025 - Gerster HeimTex - Ihr Partner f\u00fcr hochwertige Gardinen, B\u00e4nder &amp; Accessoires","og_description":"Zum 1. September 2025 haben Elf neue Auszubildende in verschiedenen Bereichen bei uns begonnen. Wir hei\u00dfen sie herzlich willkommen und freuen uns auf frische Impulse, Neugier und Teamgeist. Ein besonderer Fokus liegt auf dem Rotationsprinzip:&nbsp;Unsere Auszubildenden durchlaufen&nbsp;alle relevanten Abteilungen und Bereiche&nbsp;im Unternehmen. So lernen sie Prozesse ganzheitlich kennen, entdecken ihre St\u00e4rken und bauen ein breites [&hellip;]","og_url":"https:\/\/www.gerster.com\/en\/news\/ausbildungsstart-2025-elf-auszubildende-verstaerken-unser-team-ab-01-09-2025\/","og_site_name":"Gerster HeimTex - Ihr Partner f\u00fcr hochwertige Gardinen, B\u00e4nder &amp; Accessoires","article_publisher":"https:\/\/www.facebook.com\/GersterCollection","article_published_time":"2025-10-15T09:44:32+00:00","article_modified_time":"2026-02-02T08:17:39+00:00","og_image":[{"width":2560,"height":1707,"url":"https:\/\/www.gerster.com\/wp-content\/uploads\/2025\/05\/DSC06625_gerster-2-scaled.jpg","type":"image\/jpeg"}],"author":"Gerster HeimTex","twitter_card":"summary_large_image","twitter_misc":{"Written by":"Gerster HeimTex","Estimated reading time":"1 minute"},"schema":{"@context":"https:\/\/schema.org","@graph":[{"@type":"Article","@id":"https:\/\/www.gerster.com\/news\/ausbildungsstart-2025-elf-auszubildende-verstaerken-unser-team-ab-01-09-2025\/#article","isPartOf":{"@id":"https:\/\/www.gerster.com\/news\/ausbildungsstart-2025-elf-auszubildende-verstaerken-unser-team-ab-01-09-2025\/"},"author":{"name":"Gerster HeimTex","@id":"https:\/\/www.gerster.com\/en\/#\/schema\/person\/4385cff19acce07e13384c1bd7baa1e6"},"headline":"Ausbildungsstart 2025: Elf Auszubildende verst\u00e4rken unser Team ab 01.09.2025","datePublished":"2025-10-15T09:44:32+00:00","dateModified":"2026-02-02T08:17:39+00:00","mainEntityOfPage":{"@id":"https:\/\/www.gerster.com\/news\/ausbildungsstart-2025-elf-auszubildende-verstaerken-unser-team-ab-01-09-2025\/"},"wordCount":139,"publisher":{"@id":"https:\/\/www.gerster.com\/en\/#organization"},"image":{"@id":"https:\/\/www.gerster.com\/news\/ausbildungsstart-2025-elf-auszubildende-verstaerken-unser-team-ab-01-09-2025\/#primaryimage"},"thumbnailUrl":"https:\/\/www.gerster.com\/wp-content\/uploads\/2025\/05\/DSC06625_gerster-2-scaled.jpg","articleSection":["News"],"inLanguage":"en-GB"},{"@type":"WebPage","@id":"https:\/\/www.gerster.com\/news\/ausbildungsstart-2025-elf-auszubildende-verstaerken-unser-team-ab-01-09-2025\/","url":"https:\/\/www.gerster.com\/news\/ausbildungsstart-2025-elf-auszubildende-verstaerken-unser-team-ab-01-09-2025\/","name":"Ausbildungsstart 2025: Elf Auszubildende verst\u00e4rken unser Team ab 01.09.2025 - Gerster HeimTex - Ihr Partner f\u00fcr hochwertige Gardinen, B\u00e4nder &amp; Accessoires","isPartOf":{"@id":"https:\/\/www.gerster.com\/en\/#website"},"primaryImageOfPage":{"@id":"https:\/\/www.gerster.com\/news\/ausbildungsstart-2025-elf-auszubildende-verstaerken-unser-team-ab-01-09-2025\/#primaryimage"},"image":{"@id":"https:\/\/www.gerster.com\/news\/ausbildungsstart-2025-elf-auszubildende-verstaerken-unser-team-ab-01-09-2025\/#primaryimage"},"thumbnailUrl":"https:\/\/www.gerster.com\/wp-content\/uploads\/2025\/05\/DSC06625_gerster-2-scaled.jpg","datePublished":"2025-10-15T09:44:32+00:00","dateModified":"2026-02-02T08:17:39+00:00","breadcrumb":{"@id":"https:\/\/www.gerster.com\/news\/ausbildungsstart-2025-elf-auszubildende-verstaerken-unser-team-ab-01-09-2025\/#breadcrumb"},"inLanguage":"en-GB","potentialAction":[{"@type":"ReadAction","target":["https:\/\/www.gerster.com\/news\/ausbildungsstart-2025-elf-auszubildende-verstaerken-unser-team-ab-01-09-2025\/"]}]},{"@type":"ImageObject","inLanguage":"en-GB","@id":"https:\/\/www.gerster.com\/news\/ausbildungsstart-2025-elf-auszubildende-verstaerken-unser-team-ab-01-09-2025\/#primaryimage","url":"https:\/\/www.gerster.com\/wp-content\/uploads\/2025\/05\/DSC06625_gerster-2-scaled.jpg","contentUrl":"https:\/\/www.gerster.com\/wp-content\/uploads\/2025\/05\/DSC06625_gerster-2-scaled.jpg","width":2560,"height":1707},{"@type":"BreadcrumbList","@id":"https:\/\/www.gerster.com\/news\/ausbildungsstart-2025-elf-auszubildende-verstaerken-unser-team-ab-01-09-2025\/#breadcrumb","itemListElement":[{"@type":"ListItem","position":1,"name":"Startseite","item":"https:\/\/www.gerster.com\/"},{"@type":"ListItem","position":2,"name":"Ausbildungsstart 2025: Elf Auszubildende verst\u00e4rken unser Team ab 01.09.2025"}]},{"@type":"WebSite","@id":"https:\/\/www.gerster.com\/en\/#website","url":"https:\/\/www.gerster.com\/en\/","name":"Gerster HeimTex - Ihr Partner f\u00fcr hochwertige Gardinen, B\u00e4nder & Accessoires","description":"","publisher":{"@id":"https:\/\/www.gerster.com\/en\/#organization"},"potentialAction":[{"@type":"SearchAction","target":{"@type":"EntryPoint","urlTemplate":"https:\/\/www.gerster.com\/en\/?s={search_term_string}"},"query-input":{"@type":"PropertyValueSpecification","valueRequired":true,"valueName":"search_term_string"}}],"inLanguage":"en-GB"},{"@type":"Organization","@id":"https:\/\/www.gerster.com\/en\/#organization","name":"Gerster HeimTex - Ihr Partner f\u00fcr hochwertige Gardinen, B\u00e4nder & Accessoires","url":"https:\/\/www.gerster.com\/en\/","logo":{"@type":"ImageObject","inLanguage":"en-GB","@id":"https:\/\/www.gerster.com\/en\/#\/schema\/logo\/image\/","url":"https:\/\/www.gerster.com\/wp-content\/uploads\/2025\/05\/gerster-hometex-logo.png","contentUrl":"https:\/\/www.gerster.com\/wp-content\/uploads\/2025\/05\/gerster-hometex-logo.png","width":213,"height":84,"caption":"Gerster HeimTex - Ihr Partner f\u00fcr hochwertige Gardinen, B\u00e4nder & Accessoires"},"image":{"@id":"https:\/\/www.gerster.com\/en\/#\/schema\/logo\/image\/"},"sameAs":["https:\/\/www.facebook.com\/GersterCollection","https:\/\/www.instagram.com\/gerster_biberach\/","https:\/\/www.youtube.com\/user\/GersterCollection\/videos"]},{"@type":"Person","@id":"https:\/\/www.gerster.com\/en\/#\/schema\/person\/4385cff19acce07e13384c1bd7baa1e6","name":"Gerster HeimTex","image":{"@type":"ImageObject","inLanguage":"en-GB","@id":"https:\/\/secure.gravatar.com\/avatar\/4ac99d71907a59b8010a7e2e86eb72136a2e160ad811132df48b072598d32e13?s=96&d=mm&r=g","url":"https:\/\/secure.gravatar.com\/avatar\/4ac99d71907a59b8010a7e2e86eb72136a2e160ad811132df48b072598d32e13?s=96&d=mm&r=g","contentUrl":"https:\/\/secure.gravatar.com\/avatar\/4ac99d71907a59b8010a7e2e86eb72136a2e160ad811132df48b072598d32e13?s=96&d=mm&r=g","caption":"Gerster HeimTex"},"sameAs":["http:\/\/localhost\/gerster-heimtex"],"url":"https:\/\/www.gerster.com\/en\/author\/gerster-heimtex\/"}]}},"_links":{"self":[{"href":"https:\/\/www.gerster.com\/en\/wp-json\/wp\/v2\/posts\/2421","targetHints":{"allow":["GET"]}}],"collection":[{"href":"https:\/\/www.gerster.com\/en\/wp-json\/wp\/v2\/posts"}],"about":[{"href":"https:\/\/www.gerster.com\/en\/wp-json\/wp\/v2\/types\/post"}],"author":[{"embeddable":true,"href":"https:\/\/www.gerster.com\/en\/wp-json\/wp\/v2\/users\/1"}],"replies":[{"embeddable":true,"href":"https:\/\/www.gerster.com\/en\/wp-json\/wp\/v2\/comments?post=2421"}],"version-history":[{"count":4,"href":"https:\/\/www.gerster.com\/en\/wp-json\/wp\/v2\/posts\/2421\/revisions"}],"predecessor-version":[{"id":3349,"href":"https:\/\/www.gerster.com\/en\/wp-json\/wp\/v2\/posts\/2421\/revisions\/3349"}],"wp:featuredmedia":[{"embeddable":true,"href":"https:\/\/www.gerster.com\/en\/wp-json\/wp\/v2\/media\/2061"}],"wp:attachment":[{"href":"https:\/\/www.gerster.com\/en\/wp-json\/wp\/v2\/media?parent=2421"}],"wp:term":[{"taxonomy":"category","embeddable":true,"href":"https:\/\/www.gerster.com\/en\/wp-json\/wp\/v2\/categories?post=2421"},{"taxonomy":"post_tag","embeddable":true,"href":"https:\/\/www.gerster.com\/en\/wp-json\/wp\/v2\/tags?post=2421"}],"curies":[{"name":"wp","href":"https:\/\/api.w.org\/{rel}","templated":true}]}}