{"id":3193,"date":"2026-01-22T07:37:42","date_gmt":"2026-01-22T06:37:42","guid":{"rendered":"https:\/\/www.gerster.com\/?p=3193"},"modified":"2026-01-22T09:07:54","modified_gmt":"2026-01-22T08:07:54","slug":"rueckblick-auf-zwei-erfolgreiche-ausstellungstage-in-frankfurt","status":"publish","type":"post","link":"https:\/\/www.gerster.com\/en\/messe\/rueckblick-auf-zwei-erfolgreiche-ausstellungstage-in-frankfurt\/","title":{"rendered":"January 26': Two successful exhibition days in Frankfurt"},"content":{"rendered":"<p>On 13 and 14 January 2026, we presented our latest curtain collection for the first time at Motel One BeOne in Frankfurt. The exhibition venue was located in the immediate vicinity of the Heimtextil trade fair in Frankfurt (approx. 200 metres away), making it an ideal meeting place for trade fair visitors, customers and business partners.<\/p>\n\n\n\n<p><br>We were delighted to welcome numerous visitors on both days of the exhibition. In a pleasant and friendly atmosphere, we had many inspiring and fruitful conversations. Our collection met with widespread interest and a positive response throughout.<\/p>\n\n\n\n<p><br>We would like to express our sincere thanks for your trust, the intensive exchange of ideas and the many valuable contacts.<\/p>\n\n\n\n<p><br><strong>Save the Date:<\/strong><br>Our next exhibition in Frankfurt will take place from 12 to 14 January 2027.<br><\/p>\n\n\n\n<p>We look forward to welcoming you again in person next year.<\/p>\n\n\n\n<div style=\"height:29px\" aria-hidden=\"true\" class=\"wp-block-spacer\"><\/div>\n\n\n\n<figure class=\"wp-block-gallery has-nested-images columns-default is-cropped wp-block-gallery-1 is-layout-flex wp-block-gallery-is-layout-flex\">\n<figure class=\"wp-block-image size-full\"><img loading=\"lazy\" decoding=\"async\" width=\"1663\" height=\"1247\" data-id=\"3289\" src=\"https:\/\/www.gerster.com\/wp-content\/uploads\/2026\/01\/3.jpg\" alt=\"\" class=\"wp-image-3289\" srcset=\"https:\/\/www.gerster.com\/wp-content\/uploads\/2026\/01\/3.jpg 1663w, https:\/\/www.gerster.com\/wp-content\/uploads\/2026\/01\/3-300x225.jpg 300w, https:\/\/www.gerster.com\/wp-content\/uploads\/2026\/01\/3-1024x768.jpg 1024w, https:\/\/www.gerster.com\/wp-content\/uploads\/2026\/01\/3-768x576.jpg 768w, https:\/\/www.gerster.com\/wp-content\/uploads\/2026\/01\/3-1536x1152.jpg 1536w, https:\/\/www.gerster.com\/wp-content\/uploads\/2026\/01\/3-16x12.jpg 16w\" sizes=\"auto, (max-width: 1663px) 100vw, 1663px\" \/><\/figure>\n\n\n\n<figure class=\"wp-block-image size-full\"><img loading=\"lazy\" decoding=\"async\" width=\"2312\" height=\"1734\" data-id=\"3205\" src=\"https:\/\/www.gerster.com\/wp-content\/uploads\/2026\/01\/4-1.jpg\" alt=\"\" class=\"wp-image-3205\" srcset=\"https:\/\/www.gerster.com\/wp-content\/uploads\/2026\/01\/4-1.jpg 2312w, https:\/\/www.gerster.com\/wp-content\/uploads\/2026\/01\/4-1-300x225.jpg 300w, https:\/\/www.gerster.com\/wp-content\/uploads\/2026\/01\/4-1-1024x768.jpg 1024w, https:\/\/www.gerster.com\/wp-content\/uploads\/2026\/01\/4-1-768x576.jpg 768w, https:\/\/www.gerster.com\/wp-content\/uploads\/2026\/01\/4-1-1536x1152.jpg 1536w, https:\/\/www.gerster.com\/wp-content\/uploads\/2026\/01\/4-1-2048x1536.jpg 2048w, https:\/\/www.gerster.com\/wp-content\/uploads\/2026\/01\/4-1-16x12.jpg 16w\" sizes=\"auto, (max-width: 2312px) 100vw, 2312px\" \/><\/figure>\n<\/figure>\n\n\n\n<figure class=\"wp-block-gallery has-nested-images columns-default wp-block-gallery-2 is-layout-flex wp-block-gallery-is-layout-flex\">\n<figure class=\"wp-block-image size-full\"><img loading=\"lazy\" decoding=\"async\" width=\"720\" height=\"751\" data-id=\"3246\" src=\"https:\/\/www.gerster.com\/wp-content\/uploads\/2026\/01\/7.jpg\" alt=\"\" class=\"wp-image-3246\" style=\"aspect-ratio:4\/3\" srcset=\"https:\/\/www.gerster.com\/wp-content\/uploads\/2026\/01\/7.jpg 720w, https:\/\/www.gerster.com\/wp-content\/uploads\/2026\/01\/7-288x300.jpg 288w, https:\/\/www.gerster.com\/wp-content\/uploads\/2026\/01\/7-12x12.jpg 12w\" sizes=\"auto, (max-width: 720px) 100vw, 720px\" \/><\/figure>\n\n\n\n<figure class=\"wp-block-image size-full\"><img loading=\"lazy\" decoding=\"async\" width=\"1247\" height=\"1663\" data-id=\"3212\" src=\"https:\/\/www.gerster.com\/wp-content\/uploads\/2026\/01\/Medien2-beartneotet.jpg\" alt=\"\" class=\"wp-image-3212\" style=\"aspect-ratio:4\/3\" srcset=\"https:\/\/www.gerster.com\/wp-content\/uploads\/2026\/01\/Medien2-beartneotet.jpg 1247w, https:\/\/www.gerster.com\/wp-content\/uploads\/2026\/01\/Medien2-beartneotet-225x300.jpg 225w, https:\/\/www.gerster.com\/wp-content\/uploads\/2026\/01\/Medien2-beartneotet-768x1024.jpg 768w, https:\/\/www.gerster.com\/wp-content\/uploads\/2026\/01\/Medien2-beartneotet-1152x1536.jpg 1152w, https:\/\/www.gerster.com\/wp-content\/uploads\/2026\/01\/Medien2-beartneotet-9x12.jpg 9w\" sizes=\"auto, (max-width: 1247px) 100vw, 1247px\" \/><\/figure>\n<\/figure>\n\n\n\n<p><\/p>","protected":false},"excerpt":{"rendered":"<p>Am 13. und 14. Januar 2026 haben wir erstmals unsere aktuelle Gardinen-Kollektion in Frankfurt im Motel One BeOne pr\u00e4sentiert. Der Ausstellungsort befand sich in unmittelbarer N\u00e4he zur Heimtextil Messe Frankfurt (ca. 200 Meter entfernt) und bot damit eine ideale Anlaufstelle f\u00fcr Messebesucher, Kunden und Gesch\u00e4ftspartner. An beiden Ausstellungstagen durften wir zahlreiche Besucher begr\u00fc\u00dfen. In angenehmer [&hellip;]<\/p>\n","protected":false},"author":1,"featured_media":3143,"comment_status":"closed","ping_status":"open","sticky":false,"template":"","format":"standard","meta":{"_acf_changed":false,"footnotes":""},"categories":[90],"tags":[],"class_list":["post-3193","post","type-post","status-publish","format-standard","has-post-thumbnail","hentry","category-messe"],"acf":[],"yoast_head":"<!-- This site is optimized with the Yoast SEO plugin v27.5 - https:\/\/yoast.com\/product\/yoast-seo-wordpress\/ -->\n<title>Januar 26&#039;: Zwei erfolgreiche Ausstellungstage in Frankfurt - Gerster HeimTex - Ihr Partner f\u00fcr hochwertige Gardinen, B\u00e4nder &amp; Accessoires<\/title>\n<meta name=\"robots\" content=\"index, follow, max-snippet:-1, max-image-preview:large, max-video-preview:-1\" \/>\n<link rel=\"canonical\" href=\"https:\/\/www.gerster.com\/en\/messe\/rueckblick-auf-zwei-erfolgreiche-ausstellungstage-in-frankfurt\/\" \/>\n<meta property=\"og:locale\" content=\"en_GB\" \/>\n<meta property=\"og:type\" content=\"article\" \/>\n<meta property=\"og:title\" content=\"Januar 26&#039;: Zwei erfolgreiche Ausstellungstage in Frankfurt - Gerster HeimTex - Ihr Partner f\u00fcr hochwertige Gardinen, B\u00e4nder &amp; Accessoires\" \/>\n<meta property=\"og:description\" content=\"Am 13. und 14. Januar 2026 haben wir erstmals unsere aktuelle Gardinen-Kollektion in Frankfurt im Motel One BeOne pr\u00e4sentiert. Der Ausstellungsort befand sich in unmittelbarer N\u00e4he zur Heimtextil Messe Frankfurt (ca. 200 Meter entfernt) und bot damit eine ideale Anlaufstelle f\u00fcr Messebesucher, Kunden und Gesch\u00e4ftspartner. An beiden Ausstellungstagen durften wir zahlreiche Besucher begr\u00fc\u00dfen. In angenehmer [&hellip;]\" \/>\n<meta property=\"og:url\" content=\"https:\/\/www.gerster.com\/en\/messe\/rueckblick-auf-zwei-erfolgreiche-ausstellungstage-in-frankfurt\/\" \/>\n<meta property=\"og:site_name\" content=\"Gerster HeimTex - Ihr Partner f\u00fcr hochwertige Gardinen, B\u00e4nder &amp; Accessoires\" \/>\n<meta property=\"article:publisher\" content=\"https:\/\/www.facebook.com\/GersterCollection\" \/>\n<meta property=\"article:published_time\" content=\"2026-01-22T06:37:42+00:00\" \/>\n<meta property=\"article:modified_time\" content=\"2026-01-22T08:07:54+00:00\" \/>\n<meta property=\"og:image\" content=\"https:\/\/www.gerster.com\/wp-content\/uploads\/2025\/12\/DSC06297_gerster-scaled.jpg\" \/>\n\t<meta property=\"og:image:width\" content=\"2560\" \/>\n\t<meta property=\"og:image:height\" content=\"1707\" \/>\n\t<meta property=\"og:image:type\" content=\"image\/jpeg\" \/>\n<meta name=\"author\" content=\"Gerster HeimTex\" \/>\n<meta name=\"twitter:card\" content=\"summary_large_image\" \/>\n<meta name=\"twitter:label1\" content=\"Written by\" \/>\n\t<meta name=\"twitter:data1\" content=\"Gerster HeimTex\" \/>\n\t<meta name=\"twitter:label2\" content=\"Estimated reading time\" \/>\n\t<meta name=\"twitter:data2\" content=\"1 minute\" \/>\n<script type=\"application\/ld+json\" class=\"yoast-schema-graph\">{\"@context\":\"https:\\\/\\\/schema.org\",\"@graph\":[{\"@type\":\"Article\",\"@id\":\"https:\\\/\\\/www.gerster.com\\\/messe\\\/rueckblick-auf-zwei-erfolgreiche-ausstellungstage-in-frankfurt\\\/#article\",\"isPartOf\":{\"@id\":\"https:\\\/\\\/www.gerster.com\\\/messe\\\/rueckblick-auf-zwei-erfolgreiche-ausstellungstage-in-frankfurt\\\/\"},\"author\":{\"name\":\"Gerster HeimTex\",\"@id\":\"https:\\\/\\\/www.gerster.com\\\/en\\\/#\\\/schema\\\/person\\\/4385cff19acce07e13384c1bd7baa1e6\"},\"headline\":\"Januar 26&#8242;: Zwei erfolgreiche Ausstellungstage in Frankfurt\",\"datePublished\":\"2026-01-22T06:37:42+00:00\",\"dateModified\":\"2026-01-22T08:07:54+00:00\",\"mainEntityOfPage\":{\"@id\":\"https:\\\/\\\/www.gerster.com\\\/messe\\\/rueckblick-auf-zwei-erfolgreiche-ausstellungstage-in-frankfurt\\\/\"},\"wordCount\":135,\"publisher\":{\"@id\":\"https:\\\/\\\/www.gerster.com\\\/en\\\/#organization\"},\"image\":{\"@id\":\"https:\\\/\\\/www.gerster.com\\\/messe\\\/rueckblick-auf-zwei-erfolgreiche-ausstellungstage-in-frankfurt\\\/#primaryimage\"},\"thumbnailUrl\":\"https:\\\/\\\/www.gerster.com\\\/wp-content\\\/uploads\\\/2025\\\/12\\\/DSC06297_gerster-scaled.jpg\",\"articleSection\":[\"Messe\"],\"inLanguage\":\"en-GB\"},{\"@type\":\"WebPage\",\"@id\":\"https:\\\/\\\/www.gerster.com\\\/messe\\\/rueckblick-auf-zwei-erfolgreiche-ausstellungstage-in-frankfurt\\\/\",\"url\":\"https:\\\/\\\/www.gerster.com\\\/messe\\\/rueckblick-auf-zwei-erfolgreiche-ausstellungstage-in-frankfurt\\\/\",\"name\":\"Januar 26': Zwei erfolgreiche Ausstellungstage in Frankfurt - Gerster HeimTex - Ihr Partner f\u00fcr hochwertige Gardinen, B\u00e4nder &amp; Accessoires\",\"isPartOf\":{\"@id\":\"https:\\\/\\\/www.gerster.com\\\/en\\\/#website\"},\"primaryImageOfPage\":{\"@id\":\"https:\\\/\\\/www.gerster.com\\\/messe\\\/rueckblick-auf-zwei-erfolgreiche-ausstellungstage-in-frankfurt\\\/#primaryimage\"},\"image\":{\"@id\":\"https:\\\/\\\/www.gerster.com\\\/messe\\\/rueckblick-auf-zwei-erfolgreiche-ausstellungstage-in-frankfurt\\\/#primaryimage\"},\"thumbnailUrl\":\"https:\\\/\\\/www.gerster.com\\\/wp-content\\\/uploads\\\/2025\\\/12\\\/DSC06297_gerster-scaled.jpg\",\"datePublished\":\"2026-01-22T06:37:42+00:00\",\"dateModified\":\"2026-01-22T08:07:54+00:00\",\"breadcrumb\":{\"@id\":\"https:\\\/\\\/www.gerster.com\\\/messe\\\/rueckblick-auf-zwei-erfolgreiche-ausstellungstage-in-frankfurt\\\/#breadcrumb\"},\"inLanguage\":\"en-GB\",\"potentialAction\":[{\"@type\":\"ReadAction\",\"target\":[\"https:\\\/\\\/www.gerster.com\\\/messe\\\/rueckblick-auf-zwei-erfolgreiche-ausstellungstage-in-frankfurt\\\/\"]}]},{\"@type\":\"ImageObject\",\"inLanguage\":\"en-GB\",\"@id\":\"https:\\\/\\\/www.gerster.com\\\/messe\\\/rueckblick-auf-zwei-erfolgreiche-ausstellungstage-in-frankfurt\\\/#primaryimage\",\"url\":\"https:\\\/\\\/www.gerster.com\\\/wp-content\\\/uploads\\\/2025\\\/12\\\/DSC06297_gerster-scaled.jpg\",\"contentUrl\":\"https:\\\/\\\/www.gerster.com\\\/wp-content\\\/uploads\\\/2025\\\/12\\\/DSC06297_gerster-scaled.jpg\",\"width\":2560,\"height\":1707},{\"@type\":\"BreadcrumbList\",\"@id\":\"https:\\\/\\\/www.gerster.com\\\/messe\\\/rueckblick-auf-zwei-erfolgreiche-ausstellungstage-in-frankfurt\\\/#breadcrumb\",\"itemListElement\":[{\"@type\":\"ListItem\",\"position\":1,\"name\":\"Startseite\",\"item\":\"https:\\\/\\\/www.gerster.com\\\/\"},{\"@type\":\"ListItem\",\"position\":2,\"name\":\"Januar 26&#8242;: Zwei erfolgreiche Ausstellungstage in Frankfurt\"}]},{\"@type\":\"WebSite\",\"@id\":\"https:\\\/\\\/www.gerster.com\\\/en\\\/#website\",\"url\":\"https:\\\/\\\/www.gerster.com\\\/en\\\/\",\"name\":\"Gerster HeimTex - Ihr Partner f\u00fcr hochwertige Gardinen, B\u00e4nder & Accessoires\",\"description\":\"\",\"publisher\":{\"@id\":\"https:\\\/\\\/www.gerster.com\\\/en\\\/#organization\"},\"potentialAction\":[{\"@type\":\"SearchAction\",\"target\":{\"@type\":\"EntryPoint\",\"urlTemplate\":\"https:\\\/\\\/www.gerster.com\\\/en\\\/?s={search_term_string}\"},\"query-input\":{\"@type\":\"PropertyValueSpecification\",\"valueRequired\":true,\"valueName\":\"search_term_string\"}}],\"inLanguage\":\"en-GB\"},{\"@type\":\"Organization\",\"@id\":\"https:\\\/\\\/www.gerster.com\\\/en\\\/#organization\",\"name\":\"Gerster HeimTex - Ihr Partner f\u00fcr hochwertige Gardinen, B\u00e4nder & Accessoires\",\"url\":\"https:\\\/\\\/www.gerster.com\\\/en\\\/\",\"logo\":{\"@type\":\"ImageObject\",\"inLanguage\":\"en-GB\",\"@id\":\"https:\\\/\\\/www.gerster.com\\\/en\\\/#\\\/schema\\\/logo\\\/image\\\/\",\"url\":\"https:\\\/\\\/www.gerster.com\\\/wp-content\\\/uploads\\\/2025\\\/05\\\/gerster-hometex-logo.png\",\"contentUrl\":\"https:\\\/\\\/www.gerster.com\\\/wp-content\\\/uploads\\\/2025\\\/05\\\/gerster-hometex-logo.png\",\"width\":213,\"height\":84,\"caption\":\"Gerster HeimTex - Ihr Partner f\u00fcr hochwertige Gardinen, B\u00e4nder & Accessoires\"},\"image\":{\"@id\":\"https:\\\/\\\/www.gerster.com\\\/en\\\/#\\\/schema\\\/logo\\\/image\\\/\"},\"sameAs\":[\"https:\\\/\\\/www.facebook.com\\\/GersterCollection\",\"https:\\\/\\\/www.instagram.com\\\/gerster_biberach\\\/\",\"https:\\\/\\\/www.youtube.com\\\/user\\\/GersterCollection\\\/videos\"]},{\"@type\":\"Person\",\"@id\":\"https:\\\/\\\/www.gerster.com\\\/en\\\/#\\\/schema\\\/person\\\/4385cff19acce07e13384c1bd7baa1e6\",\"name\":\"Gerster HeimTex\",\"image\":{\"@type\":\"ImageObject\",\"inLanguage\":\"en-GB\",\"@id\":\"https:\\\/\\\/secure.gravatar.com\\\/avatar\\\/4ac99d71907a59b8010a7e2e86eb72136a2e160ad811132df48b072598d32e13?s=96&d=mm&r=g\",\"url\":\"https:\\\/\\\/secure.gravatar.com\\\/avatar\\\/4ac99d71907a59b8010a7e2e86eb72136a2e160ad811132df48b072598d32e13?s=96&d=mm&r=g\",\"contentUrl\":\"https:\\\/\\\/secure.gravatar.com\\\/avatar\\\/4ac99d71907a59b8010a7e2e86eb72136a2e160ad811132df48b072598d32e13?s=96&d=mm&r=g\",\"caption\":\"Gerster HeimTex\"},\"sameAs\":[\"http:\\\/\\\/localhost\\\/gerster-heimtex\"],\"url\":\"https:\\\/\\\/www.gerster.com\\\/en\\\/author\\\/gerster-heimtex\\\/\"}]}<\/script>\n<!-- \/ Yoast SEO plugin. -->","yoast_head_json":{"title":"Januar 26': Zwei erfolgreiche Ausstellungstage in Frankfurt - Gerster HeimTex - Ihr Partner f\u00fcr hochwertige Gardinen, B\u00e4nder &amp; Accessoires","robots":{"index":"index","follow":"follow","max-snippet":"max-snippet:-1","max-image-preview":"max-image-preview:large","max-video-preview":"max-video-preview:-1"},"canonical":"https:\/\/www.gerster.com\/en\/messe\/rueckblick-auf-zwei-erfolgreiche-ausstellungstage-in-frankfurt\/","og_locale":"en_GB","og_type":"article","og_title":"Januar 26': Zwei erfolgreiche Ausstellungstage in Frankfurt - Gerster HeimTex - Ihr Partner f\u00fcr hochwertige Gardinen, B\u00e4nder &amp; Accessoires","og_description":"Am 13. und 14. Januar 2026 haben wir erstmals unsere aktuelle Gardinen-Kollektion in Frankfurt im Motel One BeOne pr\u00e4sentiert. Der Ausstellungsort befand sich in unmittelbarer N\u00e4he zur Heimtextil Messe Frankfurt (ca. 200 Meter entfernt) und bot damit eine ideale Anlaufstelle f\u00fcr Messebesucher, Kunden und Gesch\u00e4ftspartner. An beiden Ausstellungstagen durften wir zahlreiche Besucher begr\u00fc\u00dfen. In angenehmer [&hellip;]","og_url":"https:\/\/www.gerster.com\/en\/messe\/rueckblick-auf-zwei-erfolgreiche-ausstellungstage-in-frankfurt\/","og_site_name":"Gerster HeimTex - Ihr Partner f\u00fcr hochwertige Gardinen, B\u00e4nder &amp; Accessoires","article_publisher":"https:\/\/www.facebook.com\/GersterCollection","article_published_time":"2026-01-22T06:37:42+00:00","article_modified_time":"2026-01-22T08:07:54+00:00","og_image":[{"width":2560,"height":1707,"url":"https:\/\/www.gerster.com\/wp-content\/uploads\/2025\/12\/DSC06297_gerster-scaled.jpg","type":"image\/jpeg"}],"author":"Gerster HeimTex","twitter_card":"summary_large_image","twitter_misc":{"Written by":"Gerster HeimTex","Estimated reading time":"1 minute"},"schema":{"@context":"https:\/\/schema.org","@graph":[{"@type":"Article","@id":"https:\/\/www.gerster.com\/messe\/rueckblick-auf-zwei-erfolgreiche-ausstellungstage-in-frankfurt\/#article","isPartOf":{"@id":"https:\/\/www.gerster.com\/messe\/rueckblick-auf-zwei-erfolgreiche-ausstellungstage-in-frankfurt\/"},"author":{"name":"Gerster HeimTex","@id":"https:\/\/www.gerster.com\/en\/#\/schema\/person\/4385cff19acce07e13384c1bd7baa1e6"},"headline":"Januar 26&#8242;: Zwei erfolgreiche Ausstellungstage in Frankfurt","datePublished":"2026-01-22T06:37:42+00:00","dateModified":"2026-01-22T08:07:54+00:00","mainEntityOfPage":{"@id":"https:\/\/www.gerster.com\/messe\/rueckblick-auf-zwei-erfolgreiche-ausstellungstage-in-frankfurt\/"},"wordCount":135,"publisher":{"@id":"https:\/\/www.gerster.com\/en\/#organization"},"image":{"@id":"https:\/\/www.gerster.com\/messe\/rueckblick-auf-zwei-erfolgreiche-ausstellungstage-in-frankfurt\/#primaryimage"},"thumbnailUrl":"https:\/\/www.gerster.com\/wp-content\/uploads\/2025\/12\/DSC06297_gerster-scaled.jpg","articleSection":["Messe"],"inLanguage":"en-GB"},{"@type":"WebPage","@id":"https:\/\/www.gerster.com\/messe\/rueckblick-auf-zwei-erfolgreiche-ausstellungstage-in-frankfurt\/","url":"https:\/\/www.gerster.com\/messe\/rueckblick-auf-zwei-erfolgreiche-ausstellungstage-in-frankfurt\/","name":"Januar 26': Zwei erfolgreiche Ausstellungstage in Frankfurt - Gerster HeimTex - Ihr Partner f\u00fcr hochwertige Gardinen, B\u00e4nder &amp; Accessoires","isPartOf":{"@id":"https:\/\/www.gerster.com\/en\/#website"},"primaryImageOfPage":{"@id":"https:\/\/www.gerster.com\/messe\/rueckblick-auf-zwei-erfolgreiche-ausstellungstage-in-frankfurt\/#primaryimage"},"image":{"@id":"https:\/\/www.gerster.com\/messe\/rueckblick-auf-zwei-erfolgreiche-ausstellungstage-in-frankfurt\/#primaryimage"},"thumbnailUrl":"https:\/\/www.gerster.com\/wp-content\/uploads\/2025\/12\/DSC06297_gerster-scaled.jpg","datePublished":"2026-01-22T06:37:42+00:00","dateModified":"2026-01-22T08:07:54+00:00","breadcrumb":{"@id":"https:\/\/www.gerster.com\/messe\/rueckblick-auf-zwei-erfolgreiche-ausstellungstage-in-frankfurt\/#breadcrumb"},"inLanguage":"en-GB","potentialAction":[{"@type":"ReadAction","target":["https:\/\/www.gerster.com\/messe\/rueckblick-auf-zwei-erfolgreiche-ausstellungstage-in-frankfurt\/"]}]},{"@type":"ImageObject","inLanguage":"en-GB","@id":"https:\/\/www.gerster.com\/messe\/rueckblick-auf-zwei-erfolgreiche-ausstellungstage-in-frankfurt\/#primaryimage","url":"https:\/\/www.gerster.com\/wp-content\/uploads\/2025\/12\/DSC06297_gerster-scaled.jpg","contentUrl":"https:\/\/www.gerster.com\/wp-content\/uploads\/2025\/12\/DSC06297_gerster-scaled.jpg","width":2560,"height":1707},{"@type":"BreadcrumbList","@id":"https:\/\/www.gerster.com\/messe\/rueckblick-auf-zwei-erfolgreiche-ausstellungstage-in-frankfurt\/#breadcrumb","itemListElement":[{"@type":"ListItem","position":1,"name":"Startseite","item":"https:\/\/www.gerster.com\/"},{"@type":"ListItem","position":2,"name":"Januar 26&#8242;: Zwei erfolgreiche Ausstellungstage in Frankfurt"}]},{"@type":"WebSite","@id":"https:\/\/www.gerster.com\/en\/#website","url":"https:\/\/www.gerster.com\/en\/","name":"Gerster HeimTex - Ihr Partner f\u00fcr hochwertige Gardinen, B\u00e4nder & Accessoires","description":"","publisher":{"@id":"https:\/\/www.gerster.com\/en\/#organization"},"potentialAction":[{"@type":"SearchAction","target":{"@type":"EntryPoint","urlTemplate":"https:\/\/www.gerster.com\/en\/?s={search_term_string}"},"query-input":{"@type":"PropertyValueSpecification","valueRequired":true,"valueName":"search_term_string"}}],"inLanguage":"en-GB"},{"@type":"Organization","@id":"https:\/\/www.gerster.com\/en\/#organization","name":"Gerster HeimTex - Ihr Partner f\u00fcr hochwertige Gardinen, B\u00e4nder & Accessoires","url":"https:\/\/www.gerster.com\/en\/","logo":{"@type":"ImageObject","inLanguage":"en-GB","@id":"https:\/\/www.gerster.com\/en\/#\/schema\/logo\/image\/","url":"https:\/\/www.gerster.com\/wp-content\/uploads\/2025\/05\/gerster-hometex-logo.png","contentUrl":"https:\/\/www.gerster.com\/wp-content\/uploads\/2025\/05\/gerster-hometex-logo.png","width":213,"height":84,"caption":"Gerster HeimTex - Ihr Partner f\u00fcr hochwertige Gardinen, B\u00e4nder & Accessoires"},"image":{"@id":"https:\/\/www.gerster.com\/en\/#\/schema\/logo\/image\/"},"sameAs":["https:\/\/www.facebook.com\/GersterCollection","https:\/\/www.instagram.com\/gerster_biberach\/","https:\/\/www.youtube.com\/user\/GersterCollection\/videos"]},{"@type":"Person","@id":"https:\/\/www.gerster.com\/en\/#\/schema\/person\/4385cff19acce07e13384c1bd7baa1e6","name":"Gerster HeimTex","image":{"@type":"ImageObject","inLanguage":"en-GB","@id":"https:\/\/secure.gravatar.com\/avatar\/4ac99d71907a59b8010a7e2e86eb72136a2e160ad811132df48b072598d32e13?s=96&d=mm&r=g","url":"https:\/\/secure.gravatar.com\/avatar\/4ac99d71907a59b8010a7e2e86eb72136a2e160ad811132df48b072598d32e13?s=96&d=mm&r=g","contentUrl":"https:\/\/secure.gravatar.com\/avatar\/4ac99d71907a59b8010a7e2e86eb72136a2e160ad811132df48b072598d32e13?s=96&d=mm&r=g","caption":"Gerster HeimTex"},"sameAs":["http:\/\/localhost\/gerster-heimtex"],"url":"https:\/\/www.gerster.com\/en\/author\/gerster-heimtex\/"}]}},"_links":{"self":[{"href":"https:\/\/www.gerster.com\/en\/wp-json\/wp\/v2\/posts\/3193","targetHints":{"allow":["GET"]}}],"collection":[{"href":"https:\/\/www.gerster.com\/en\/wp-json\/wp\/v2\/posts"}],"about":[{"href":"https:\/\/www.gerster.com\/en\/wp-json\/wp\/v2\/types\/post"}],"author":[{"embeddable":true,"href":"https:\/\/www.gerster.com\/en\/wp-json\/wp\/v2\/users\/1"}],"replies":[{"embeddable":true,"href":"https:\/\/www.gerster.com\/en\/wp-json\/wp\/v2\/comments?post=3193"}],"version-history":[{"count":56,"href":"https:\/\/www.gerster.com\/en\/wp-json\/wp\/v2\/posts\/3193\/revisions"}],"predecessor-version":[{"id":3305,"href":"https:\/\/www.gerster.com\/en\/wp-json\/wp\/v2\/posts\/3193\/revisions\/3305"}],"wp:featuredmedia":[{"embeddable":true,"href":"https:\/\/www.gerster.com\/en\/wp-json\/wp\/v2\/media\/3143"}],"wp:attachment":[{"href":"https:\/\/www.gerster.com\/en\/wp-json\/wp\/v2\/media?parent=3193"}],"wp:term":[{"taxonomy":"category","embeddable":true,"href":"https:\/\/www.gerster.com\/en\/wp-json\/wp\/v2\/categories?post=3193"},{"taxonomy":"post_tag","embeddable":true,"href":"https:\/\/www.gerster.com\/en\/wp-json\/wp\/v2\/tags?post=3193"}],"curies":[{"name":"wp","href":"https:\/\/api.w.org\/{rel}","templated":true}]}}