{"id":3295,"date":"2026-01-22T08:49:43","date_gmt":"2026-01-22T07:49:43","guid":{"rendered":"https:\/\/www.gerster.com\/?p=3295"},"modified":"2026-01-23T09:43:50","modified_gmt":"2026-01-23T08:43:50","slug":"3295","status":"publish","type":"post","link":"https:\/\/www.gerster.com\/en\/messe\/3295\/","title":{"rendered":"January 26' : Successful S\u00fcdbund Housing Days"},"content":{"rendered":"<p>On 21 and 22 January, we were present at the S\u00dcDBUND Housing Fair in Backnang \u2013 and enjoyed two inspiring days with many interested trade visitors. The S\u00dcDBUND Housing Fair is one of the most important trade fairs in the industry in Germany and offers a unique exhibition experience twice a year.<\/p>\n\n\n\n<p>More than 100 exhibitors presented their latest trends and products in the industry. Numerous trade visitors took the opportunity to find out about our latest product developments, current home and decoration trends, and our inspiring fabric collections.<\/p>\n\n\n\n<p>We would like to thank all visitors for their keen interest and inspiring discussions \u2013 and we are already looking forward to the next time!<\/p>\n\n\n\n<p><strong>The next S\u00dcDBUND Home Fair will take place on 22 and 23 September 2026.<\/strong><\/p>\n\n\n\n<div style=\"height:16px\" aria-hidden=\"true\" class=\"wp-block-spacer\"><\/div>\n\n\n<div class=\"wp-block-image\">\n<figure class=\"alignleft size-large is-resized\"><img loading=\"lazy\" decoding=\"async\" width=\"1024\" height=\"768\" src=\"https:\/\/www.gerster.com\/wp-content\/uploads\/2026\/01\/20260122_083400-1024x768.jpg\" alt=\"\" class=\"wp-image-3296\" style=\"width:653px;height:auto\" srcset=\"https:\/\/www.gerster.com\/wp-content\/uploads\/2026\/01\/20260122_083400-1024x768.jpg 1024w, https:\/\/www.gerster.com\/wp-content\/uploads\/2026\/01\/20260122_083400-300x225.jpg 300w, https:\/\/www.gerster.com\/wp-content\/uploads\/2026\/01\/20260122_083400-768x576.jpg 768w, https:\/\/www.gerster.com\/wp-content\/uploads\/2026\/01\/20260122_083400-1536x1152.jpg 1536w, https:\/\/www.gerster.com\/wp-content\/uploads\/2026\/01\/20260122_083400-16x12.jpg 16w, https:\/\/www.gerster.com\/wp-content\/uploads\/2026\/01\/20260122_083400-rotated.jpg 2040w\" sizes=\"auto, (max-width: 1024px) 100vw, 1024px\" \/><\/figure>\n<\/div>\n\n\n<div style=\"height:0px\" aria-hidden=\"true\" class=\"wp-block-spacer\"><\/div>\n\n\n\n<p><sup><kbd>Bernd Wiery, Petra Besenfelder, Wilfried Ziller<\/kbd><\/sup><\/p>","protected":false},"excerpt":{"rendered":"<p>Am 21. und 22. Januar waren wir auf den S\u00fcdbund Wohntagen in Backnang vertreten \u2013 und durften zwei inspirierende Tage mit vielen interessierten Fachbesuchern erleben. Die S\u00dcDBUND Wohntage z\u00e4hlen zu den wichtigsten Branchenmessen in Deutschland und bieten zweimal im Jahr ein besonderes Messeerlebnis Mehr als 100 Aussteller pr\u00e4sentierten Ihre neuesten Trends und Produkte der Branche. [&hellip;]<\/p>\n","protected":false},"author":1,"featured_media":2948,"comment_status":"closed","ping_status":"open","sticky":false,"template":"","format":"standard","meta":{"_acf_changed":false,"footnotes":""},"categories":[90],"tags":[],"class_list":["post-3295","post","type-post","status-publish","format-standard","has-post-thumbnail","hentry","category-messe"],"acf":[],"yoast_head":"<!-- This site is optimized with the Yoast SEO plugin v27.5 - https:\/\/yoast.com\/product\/yoast-seo-wordpress\/ -->\n<title>Januar 26\u2032: Erfolgreiche S\u00fcdbund Wohntage - Gerster HeimTex - Ihr Partner f\u00fcr hochwertige Gardinen, B\u00e4nder &amp; Accessoires<\/title>\n<meta name=\"robots\" content=\"index, follow, max-snippet:-1, max-image-preview:large, max-video-preview:-1\" \/>\n<link rel=\"canonical\" href=\"https:\/\/www.gerster.com\/en\/messe\/3295\/\" \/>\n<meta property=\"og:locale\" content=\"en_GB\" \/>\n<meta property=\"og:type\" content=\"article\" \/>\n<meta property=\"og:title\" content=\"Januar 26\u2032: Erfolgreiche S\u00fcdbund Wohntage - Gerster HeimTex - Ihr Partner f\u00fcr hochwertige Gardinen, B\u00e4nder &amp; Accessoires\" \/>\n<meta property=\"og:description\" content=\"Am 21. und 22. Januar waren wir auf den S\u00fcdbund Wohntagen in Backnang vertreten \u2013 und durften zwei inspirierende Tage mit vielen interessierten Fachbesuchern erleben. Die S\u00dcDBUND Wohntage z\u00e4hlen zu den wichtigsten Branchenmessen in Deutschland und bieten zweimal im Jahr ein besonderes Messeerlebnis Mehr als 100 Aussteller pr\u00e4sentierten Ihre neuesten Trends und Produkte der Branche. [&hellip;]\" \/>\n<meta property=\"og:url\" content=\"https:\/\/www.gerster.com\/en\/messe\/3295\/\" \/>\n<meta property=\"og:site_name\" content=\"Gerster HeimTex - Ihr Partner f\u00fcr hochwertige Gardinen, B\u00e4nder &amp; Accessoires\" \/>\n<meta property=\"article:publisher\" content=\"https:\/\/www.facebook.com\/GersterCollection\" \/>\n<meta property=\"article:published_time\" content=\"2026-01-22T07:49:43+00:00\" \/>\n<meta property=\"article:modified_time\" content=\"2026-01-23T08:43:50+00:00\" \/>\n<meta property=\"og:image\" content=\"https:\/\/www.gerster.com\/wp-content\/uploads\/2025\/11\/w_Suedbund_neu_Kopie-e1763043243205.jpg\" \/>\n\t<meta property=\"og:image:width\" content=\"890\" \/>\n\t<meta property=\"og:image:height\" content=\"590\" \/>\n\t<meta property=\"og:image:type\" content=\"image\/jpeg\" \/>\n<meta name=\"author\" content=\"Gerster HeimTex\" \/>\n<meta name=\"twitter:card\" content=\"summary_large_image\" \/>\n<meta name=\"twitter:label1\" content=\"Written by\" \/>\n\t<meta name=\"twitter:data1\" content=\"Gerster HeimTex\" \/>\n\t<meta name=\"twitter:label2\" content=\"Estimated reading time\" \/>\n\t<meta name=\"twitter:data2\" content=\"1 minute\" \/>\n<script type=\"application\/ld+json\" class=\"yoast-schema-graph\">{\"@context\":\"https:\\\/\\\/schema.org\",\"@graph\":[{\"@type\":\"Article\",\"@id\":\"https:\\\/\\\/www.gerster.com\\\/messe\\\/3295\\\/#article\",\"isPartOf\":{\"@id\":\"https:\\\/\\\/www.gerster.com\\\/messe\\\/3295\\\/\"},\"author\":{\"name\":\"Gerster HeimTex\",\"@id\":\"https:\\\/\\\/www.gerster.com\\\/en\\\/#\\\/schema\\\/person\\\/4385cff19acce07e13384c1bd7baa1e6\"},\"headline\":\"Januar 26\u2032: Erfolgreiche S\u00fcdbund Wohntage\",\"datePublished\":\"2026-01-22T07:49:43+00:00\",\"dateModified\":\"2026-01-23T08:43:50+00:00\",\"mainEntityOfPage\":{\"@id\":\"https:\\\/\\\/www.gerster.com\\\/messe\\\/3295\\\/\"},\"wordCount\":125,\"publisher\":{\"@id\":\"https:\\\/\\\/www.gerster.com\\\/en\\\/#organization\"},\"image\":{\"@id\":\"https:\\\/\\\/www.gerster.com\\\/messe\\\/3295\\\/#primaryimage\"},\"thumbnailUrl\":\"https:\\\/\\\/www.gerster.com\\\/wp-content\\\/uploads\\\/2025\\\/11\\\/w_Suedbund_neu_Kopie-e1763043243205.jpg\",\"articleSection\":[\"Messe\"],\"inLanguage\":\"en-GB\"},{\"@type\":\"WebPage\",\"@id\":\"https:\\\/\\\/www.gerster.com\\\/messe\\\/3295\\\/\",\"url\":\"https:\\\/\\\/www.gerster.com\\\/messe\\\/3295\\\/\",\"name\":\"Januar 26\u2032: Erfolgreiche S\u00fcdbund Wohntage - Gerster HeimTex - Ihr Partner f\u00fcr hochwertige Gardinen, B\u00e4nder &amp; Accessoires\",\"isPartOf\":{\"@id\":\"https:\\\/\\\/www.gerster.com\\\/en\\\/#website\"},\"primaryImageOfPage\":{\"@id\":\"https:\\\/\\\/www.gerster.com\\\/messe\\\/3295\\\/#primaryimage\"},\"image\":{\"@id\":\"https:\\\/\\\/www.gerster.com\\\/messe\\\/3295\\\/#primaryimage\"},\"thumbnailUrl\":\"https:\\\/\\\/www.gerster.com\\\/wp-content\\\/uploads\\\/2025\\\/11\\\/w_Suedbund_neu_Kopie-e1763043243205.jpg\",\"datePublished\":\"2026-01-22T07:49:43+00:00\",\"dateModified\":\"2026-01-23T08:43:50+00:00\",\"breadcrumb\":{\"@id\":\"https:\\\/\\\/www.gerster.com\\\/messe\\\/3295\\\/#breadcrumb\"},\"inLanguage\":\"en-GB\",\"potentialAction\":[{\"@type\":\"ReadAction\",\"target\":[\"https:\\\/\\\/www.gerster.com\\\/messe\\\/3295\\\/\"]}]},{\"@type\":\"ImageObject\",\"inLanguage\":\"en-GB\",\"@id\":\"https:\\\/\\\/www.gerster.com\\\/messe\\\/3295\\\/#primaryimage\",\"url\":\"https:\\\/\\\/www.gerster.com\\\/wp-content\\\/uploads\\\/2025\\\/11\\\/w_Suedbund_neu_Kopie-e1763043243205.jpg\",\"contentUrl\":\"https:\\\/\\\/www.gerster.com\\\/wp-content\\\/uploads\\\/2025\\\/11\\\/w_Suedbund_neu_Kopie-e1763043243205.jpg\",\"width\":890,\"height\":590},{\"@type\":\"BreadcrumbList\",\"@id\":\"https:\\\/\\\/www.gerster.com\\\/messe\\\/3295\\\/#breadcrumb\",\"itemListElement\":[{\"@type\":\"ListItem\",\"position\":1,\"name\":\"Startseite\",\"item\":\"https:\\\/\\\/www.gerster.com\\\/\"},{\"@type\":\"ListItem\",\"position\":2,\"name\":\"Januar 26\u2032: Erfolgreiche S\u00fcdbund Wohntage\"}]},{\"@type\":\"WebSite\",\"@id\":\"https:\\\/\\\/www.gerster.com\\\/en\\\/#website\",\"url\":\"https:\\\/\\\/www.gerster.com\\\/en\\\/\",\"name\":\"Gerster HeimTex - Ihr Partner f\u00fcr hochwertige Gardinen, B\u00e4nder & Accessoires\",\"description\":\"\",\"publisher\":{\"@id\":\"https:\\\/\\\/www.gerster.com\\\/en\\\/#organization\"},\"potentialAction\":[{\"@type\":\"SearchAction\",\"target\":{\"@type\":\"EntryPoint\",\"urlTemplate\":\"https:\\\/\\\/www.gerster.com\\\/en\\\/?s={search_term_string}\"},\"query-input\":{\"@type\":\"PropertyValueSpecification\",\"valueRequired\":true,\"valueName\":\"search_term_string\"}}],\"inLanguage\":\"en-GB\"},{\"@type\":\"Organization\",\"@id\":\"https:\\\/\\\/www.gerster.com\\\/en\\\/#organization\",\"name\":\"Gerster HeimTex - Ihr Partner f\u00fcr hochwertige Gardinen, B\u00e4nder & Accessoires\",\"url\":\"https:\\\/\\\/www.gerster.com\\\/en\\\/\",\"logo\":{\"@type\":\"ImageObject\",\"inLanguage\":\"en-GB\",\"@id\":\"https:\\\/\\\/www.gerster.com\\\/en\\\/#\\\/schema\\\/logo\\\/image\\\/\",\"url\":\"https:\\\/\\\/www.gerster.com\\\/wp-content\\\/uploads\\\/2025\\\/05\\\/gerster-hometex-logo.png\",\"contentUrl\":\"https:\\\/\\\/www.gerster.com\\\/wp-content\\\/uploads\\\/2025\\\/05\\\/gerster-hometex-logo.png\",\"width\":213,\"height\":84,\"caption\":\"Gerster HeimTex - Ihr Partner f\u00fcr hochwertige Gardinen, B\u00e4nder & Accessoires\"},\"image\":{\"@id\":\"https:\\\/\\\/www.gerster.com\\\/en\\\/#\\\/schema\\\/logo\\\/image\\\/\"},\"sameAs\":[\"https:\\\/\\\/www.facebook.com\\\/GersterCollection\",\"https:\\\/\\\/www.instagram.com\\\/gerster_biberach\\\/\",\"https:\\\/\\\/www.youtube.com\\\/user\\\/GersterCollection\\\/videos\"]},{\"@type\":\"Person\",\"@id\":\"https:\\\/\\\/www.gerster.com\\\/en\\\/#\\\/schema\\\/person\\\/4385cff19acce07e13384c1bd7baa1e6\",\"name\":\"Gerster HeimTex\",\"image\":{\"@type\":\"ImageObject\",\"inLanguage\":\"en-GB\",\"@id\":\"https:\\\/\\\/secure.gravatar.com\\\/avatar\\\/4ac99d71907a59b8010a7e2e86eb72136a2e160ad811132df48b072598d32e13?s=96&d=mm&r=g\",\"url\":\"https:\\\/\\\/secure.gravatar.com\\\/avatar\\\/4ac99d71907a59b8010a7e2e86eb72136a2e160ad811132df48b072598d32e13?s=96&d=mm&r=g\",\"contentUrl\":\"https:\\\/\\\/secure.gravatar.com\\\/avatar\\\/4ac99d71907a59b8010a7e2e86eb72136a2e160ad811132df48b072598d32e13?s=96&d=mm&r=g\",\"caption\":\"Gerster HeimTex\"},\"sameAs\":[\"http:\\\/\\\/localhost\\\/gerster-heimtex\"],\"url\":\"https:\\\/\\\/www.gerster.com\\\/en\\\/author\\\/gerster-heimtex\\\/\"}]}<\/script>\n<!-- \/ Yoast SEO plugin. -->","yoast_head_json":{"title":"Januar 26\u2032: Erfolgreiche S\u00fcdbund Wohntage - Gerster HeimTex - Ihr Partner f\u00fcr hochwertige Gardinen, B\u00e4nder &amp; Accessoires","robots":{"index":"index","follow":"follow","max-snippet":"max-snippet:-1","max-image-preview":"max-image-preview:large","max-video-preview":"max-video-preview:-1"},"canonical":"https:\/\/www.gerster.com\/en\/messe\/3295\/","og_locale":"en_GB","og_type":"article","og_title":"Januar 26\u2032: Erfolgreiche S\u00fcdbund Wohntage - Gerster HeimTex - Ihr Partner f\u00fcr hochwertige Gardinen, B\u00e4nder &amp; Accessoires","og_description":"Am 21. und 22. Januar waren wir auf den S\u00fcdbund Wohntagen in Backnang vertreten \u2013 und durften zwei inspirierende Tage mit vielen interessierten Fachbesuchern erleben. Die S\u00dcDBUND Wohntage z\u00e4hlen zu den wichtigsten Branchenmessen in Deutschland und bieten zweimal im Jahr ein besonderes Messeerlebnis Mehr als 100 Aussteller pr\u00e4sentierten Ihre neuesten Trends und Produkte der Branche. [&hellip;]","og_url":"https:\/\/www.gerster.com\/en\/messe\/3295\/","og_site_name":"Gerster HeimTex - Ihr Partner f\u00fcr hochwertige Gardinen, B\u00e4nder &amp; Accessoires","article_publisher":"https:\/\/www.facebook.com\/GersterCollection","article_published_time":"2026-01-22T07:49:43+00:00","article_modified_time":"2026-01-23T08:43:50+00:00","og_image":[{"width":890,"height":590,"url":"https:\/\/www.gerster.com\/wp-content\/uploads\/2025\/11\/w_Suedbund_neu_Kopie-e1763043243205.jpg","type":"image\/jpeg"}],"author":"Gerster HeimTex","twitter_card":"summary_large_image","twitter_misc":{"Written by":"Gerster HeimTex","Estimated reading time":"1 minute"},"schema":{"@context":"https:\/\/schema.org","@graph":[{"@type":"Article","@id":"https:\/\/www.gerster.com\/messe\/3295\/#article","isPartOf":{"@id":"https:\/\/www.gerster.com\/messe\/3295\/"},"author":{"name":"Gerster HeimTex","@id":"https:\/\/www.gerster.com\/en\/#\/schema\/person\/4385cff19acce07e13384c1bd7baa1e6"},"headline":"Januar 26\u2032: Erfolgreiche S\u00fcdbund Wohntage","datePublished":"2026-01-22T07:49:43+00:00","dateModified":"2026-01-23T08:43:50+00:00","mainEntityOfPage":{"@id":"https:\/\/www.gerster.com\/messe\/3295\/"},"wordCount":125,"publisher":{"@id":"https:\/\/www.gerster.com\/en\/#organization"},"image":{"@id":"https:\/\/www.gerster.com\/messe\/3295\/#primaryimage"},"thumbnailUrl":"https:\/\/www.gerster.com\/wp-content\/uploads\/2025\/11\/w_Suedbund_neu_Kopie-e1763043243205.jpg","articleSection":["Messe"],"inLanguage":"en-GB"},{"@type":"WebPage","@id":"https:\/\/www.gerster.com\/messe\/3295\/","url":"https:\/\/www.gerster.com\/messe\/3295\/","name":"Januar 26\u2032: Erfolgreiche S\u00fcdbund Wohntage - Gerster HeimTex - Ihr Partner f\u00fcr hochwertige Gardinen, B\u00e4nder &amp; Accessoires","isPartOf":{"@id":"https:\/\/www.gerster.com\/en\/#website"},"primaryImageOfPage":{"@id":"https:\/\/www.gerster.com\/messe\/3295\/#primaryimage"},"image":{"@id":"https:\/\/www.gerster.com\/messe\/3295\/#primaryimage"},"thumbnailUrl":"https:\/\/www.gerster.com\/wp-content\/uploads\/2025\/11\/w_Suedbund_neu_Kopie-e1763043243205.jpg","datePublished":"2026-01-22T07:49:43+00:00","dateModified":"2026-01-23T08:43:50+00:00","breadcrumb":{"@id":"https:\/\/www.gerster.com\/messe\/3295\/#breadcrumb"},"inLanguage":"en-GB","potentialAction":[{"@type":"ReadAction","target":["https:\/\/www.gerster.com\/messe\/3295\/"]}]},{"@type":"ImageObject","inLanguage":"en-GB","@id":"https:\/\/www.gerster.com\/messe\/3295\/#primaryimage","url":"https:\/\/www.gerster.com\/wp-content\/uploads\/2025\/11\/w_Suedbund_neu_Kopie-e1763043243205.jpg","contentUrl":"https:\/\/www.gerster.com\/wp-content\/uploads\/2025\/11\/w_Suedbund_neu_Kopie-e1763043243205.jpg","width":890,"height":590},{"@type":"BreadcrumbList","@id":"https:\/\/www.gerster.com\/messe\/3295\/#breadcrumb","itemListElement":[{"@type":"ListItem","position":1,"name":"Startseite","item":"https:\/\/www.gerster.com\/"},{"@type":"ListItem","position":2,"name":"Januar 26\u2032: Erfolgreiche S\u00fcdbund Wohntage"}]},{"@type":"WebSite","@id":"https:\/\/www.gerster.com\/en\/#website","url":"https:\/\/www.gerster.com\/en\/","name":"Gerster HeimTex - Ihr Partner f\u00fcr hochwertige Gardinen, B\u00e4nder & Accessoires","description":"","publisher":{"@id":"https:\/\/www.gerster.com\/en\/#organization"},"potentialAction":[{"@type":"SearchAction","target":{"@type":"EntryPoint","urlTemplate":"https:\/\/www.gerster.com\/en\/?s={search_term_string}"},"query-input":{"@type":"PropertyValueSpecification","valueRequired":true,"valueName":"search_term_string"}}],"inLanguage":"en-GB"},{"@type":"Organization","@id":"https:\/\/www.gerster.com\/en\/#organization","name":"Gerster HeimTex - Ihr Partner f\u00fcr hochwertige Gardinen, B\u00e4nder & Accessoires","url":"https:\/\/www.gerster.com\/en\/","logo":{"@type":"ImageObject","inLanguage":"en-GB","@id":"https:\/\/www.gerster.com\/en\/#\/schema\/logo\/image\/","url":"https:\/\/www.gerster.com\/wp-content\/uploads\/2025\/05\/gerster-hometex-logo.png","contentUrl":"https:\/\/www.gerster.com\/wp-content\/uploads\/2025\/05\/gerster-hometex-logo.png","width":213,"height":84,"caption":"Gerster HeimTex - Ihr Partner f\u00fcr hochwertige Gardinen, B\u00e4nder & Accessoires"},"image":{"@id":"https:\/\/www.gerster.com\/en\/#\/schema\/logo\/image\/"},"sameAs":["https:\/\/www.facebook.com\/GersterCollection","https:\/\/www.instagram.com\/gerster_biberach\/","https:\/\/www.youtube.com\/user\/GersterCollection\/videos"]},{"@type":"Person","@id":"https:\/\/www.gerster.com\/en\/#\/schema\/person\/4385cff19acce07e13384c1bd7baa1e6","name":"Gerster HeimTex","image":{"@type":"ImageObject","inLanguage":"en-GB","@id":"https:\/\/secure.gravatar.com\/avatar\/4ac99d71907a59b8010a7e2e86eb72136a2e160ad811132df48b072598d32e13?s=96&d=mm&r=g","url":"https:\/\/secure.gravatar.com\/avatar\/4ac99d71907a59b8010a7e2e86eb72136a2e160ad811132df48b072598d32e13?s=96&d=mm&r=g","contentUrl":"https:\/\/secure.gravatar.com\/avatar\/4ac99d71907a59b8010a7e2e86eb72136a2e160ad811132df48b072598d32e13?s=96&d=mm&r=g","caption":"Gerster HeimTex"},"sameAs":["http:\/\/localhost\/gerster-heimtex"],"url":"https:\/\/www.gerster.com\/en\/author\/gerster-heimtex\/"}]}},"_links":{"self":[{"href":"https:\/\/www.gerster.com\/en\/wp-json\/wp\/v2\/posts\/3295","targetHints":{"allow":["GET"]}}],"collection":[{"href":"https:\/\/www.gerster.com\/en\/wp-json\/wp\/v2\/posts"}],"about":[{"href":"https:\/\/www.gerster.com\/en\/wp-json\/wp\/v2\/types\/post"}],"author":[{"embeddable":true,"href":"https:\/\/www.gerster.com\/en\/wp-json\/wp\/v2\/users\/1"}],"replies":[{"embeddable":true,"href":"https:\/\/www.gerster.com\/en\/wp-json\/wp\/v2\/comments?post=3295"}],"version-history":[{"count":12,"href":"https:\/\/www.gerster.com\/en\/wp-json\/wp\/v2\/posts\/3295\/revisions"}],"predecessor-version":[{"id":3346,"href":"https:\/\/www.gerster.com\/en\/wp-json\/wp\/v2\/posts\/3295\/revisions\/3346"}],"wp:featuredmedia":[{"embeddable":true,"href":"https:\/\/www.gerster.com\/en\/wp-json\/wp\/v2\/media\/2948"}],"wp:attachment":[{"href":"https:\/\/www.gerster.com\/en\/wp-json\/wp\/v2\/media?parent=3295"}],"wp:term":[{"taxonomy":"category","embeddable":true,"href":"https:\/\/www.gerster.com\/en\/wp-json\/wp\/v2\/categories?post=3295"},{"taxonomy":"post_tag","embeddable":true,"href":"https:\/\/www.gerster.com\/en\/wp-json\/wp\/v2\/tags?post=3295"}],"curies":[{"name":"wp","href":"https:\/\/api.w.org\/{rel}","templated":true}]}}