{"id":3793,"date":"2026-07-15T11:28:52","date_gmt":"2026-07-15T09:28:52","guid":{"rendered":"https:\/\/www.gerster.com\/?p=3793"},"modified":"2026-07-15T11:28:54","modified_gmt":"2026-07-15T09:28:54","slug":"familientag-2026-bei-gerster","status":"publish","type":"post","link":"https:\/\/www.gerster.com\/en\/news\/familientag-2026-bei-gerster\/","title":{"rendered":"Familyday 2026 at Gerster"},"content":{"rendered":"<p class=\"wp-block-paragraph\">Last Friday, we held our Family Day. Our employees had the opportunity to show their families their workplace and take a look behind the scenes at Gerster together. <br><br>With tours of the facility, delicious food, and fun activities, there was something for everyone, young and old alike. <\/p>\n\n\n\n<p class=\"wp-block-paragraph\">It was a wonderful afternoon filled with many interesting insights and personal encounters.<\/p>\n\n\n\n<p class=\"wp-block-paragraph\">Thank you very much to everyone who attended and helped make Family Day such a success!<\/p>\n\n\n\n<figure class=\"wp-block-gallery has-nested-images columns-default is-cropped wp-block-gallery-1 is-layout-flex wp-block-gallery-is-layout-flex\">\n<figure class=\"wp-block-image size-large\"><img loading=\"lazy\" decoding=\"async\" width=\"768\" height=\"1024\" data-id=\"3794\" src=\"https:\/\/www.gerster.com\/wp-content\/uploads\/2026\/07\/IMG_5696-768x1024.jpeg\" alt=\"\" class=\"wp-image-3794\" srcset=\"https:\/\/www.gerster.com\/wp-content\/uploads\/2026\/07\/IMG_5696-768x1024.jpeg 768w, https:\/\/www.gerster.com\/wp-content\/uploads\/2026\/07\/IMG_5696-225x300.jpeg 225w, https:\/\/www.gerster.com\/wp-content\/uploads\/2026\/07\/IMG_5696-1152x1536.jpeg 1152w, https:\/\/www.gerster.com\/wp-content\/uploads\/2026\/07\/IMG_5696-1536x2048.jpeg 1536w, https:\/\/www.gerster.com\/wp-content\/uploads\/2026\/07\/IMG_5696-9x12.jpeg 9w, https:\/\/www.gerster.com\/wp-content\/uploads\/2026\/07\/IMG_5696-scaled.jpeg 1920w\" sizes=\"auto, (max-width: 768px) 100vw, 768px\" \/><\/figure>\n\n\n\n<figure class=\"wp-block-image size-large\"><img loading=\"lazy\" decoding=\"async\" width=\"735\" height=\"980\" data-id=\"3799\" src=\"https:\/\/www.gerster.com\/wp-content\/uploads\/2026\/07\/IMG_5687-edited.jpeg\" alt=\"\" class=\"wp-image-3799\" srcset=\"https:\/\/www.gerster.com\/wp-content\/uploads\/2026\/07\/IMG_5687-edited.jpeg 735w, https:\/\/www.gerster.com\/wp-content\/uploads\/2026\/07\/IMG_5687-edited-225x300.jpeg 225w, https:\/\/www.gerster.com\/wp-content\/uploads\/2026\/07\/IMG_5687-edited-9x12.jpeg 9w\" sizes=\"auto, (max-width: 735px) 100vw, 735px\" \/><\/figure>\n\n\n\n<figure class=\"wp-block-image size-large\"><img loading=\"lazy\" decoding=\"async\" width=\"768\" height=\"1024\" data-id=\"3796\" src=\"https:\/\/www.gerster.com\/wp-content\/uploads\/2026\/07\/IMG_5698-768x1024.jpeg\" alt=\"\" class=\"wp-image-3796\" srcset=\"https:\/\/www.gerster.com\/wp-content\/uploads\/2026\/07\/IMG_5698-768x1024.jpeg 768w, https:\/\/www.gerster.com\/wp-content\/uploads\/2026\/07\/IMG_5698-225x300.jpeg 225w, https:\/\/www.gerster.com\/wp-content\/uploads\/2026\/07\/IMG_5698-1152x1536.jpeg 1152w, https:\/\/www.gerster.com\/wp-content\/uploads\/2026\/07\/IMG_5698-1536x2048.jpeg 1536w, https:\/\/www.gerster.com\/wp-content\/uploads\/2026\/07\/IMG_5698-9x12.jpeg 9w, https:\/\/www.gerster.com\/wp-content\/uploads\/2026\/07\/IMG_5698-scaled.jpeg 1920w\" sizes=\"auto, (max-width: 768px) 100vw, 768px\" \/><\/figure>\n<\/figure>\n\n\n\n<p class=\"wp-block-paragraph\"><\/p>","protected":false},"excerpt":{"rendered":"<p>Letzten Freitag stand bei uns der Familientag auf dem Programm. Unsere Mitarbeitenden hatten die Gelegenheit, ihren Familien ihren Arbeitsplatz zu zeigen und gemeinsam einen Blick hinter die Kulissen von Gerster zu werfen. Bei Betriebsf\u00fchrungen, leckerem Essen und kleinen Aktionen war f\u00fcr Gro\u00df und Klein etwas dabei. Es war ein sch\u00f6ner Nachmittag mit vielen interessanten Einblicken [&hellip;]<\/p>\n","protected":false},"author":1,"featured_media":3143,"comment_status":"closed","ping_status":"open","sticky":false,"template":"","format":"standard","meta":{"_acf_changed":false,"footnotes":""},"categories":[3],"tags":[],"class_list":["post-3793","post","type-post","status-publish","format-standard","has-post-thumbnail","hentry","category-news"],"acf":[],"yoast_head":"<!-- This site is optimized with the Yoast SEO plugin v28.1 - https:\/\/yoast.com\/product\/yoast-seo-wordpress\/ -->\n<title>Familientag 2026 bei Gerster - Gerster HeimTex - Ihr Partner f\u00fcr hochwertige Gardinen, B\u00e4nder &amp; Accessoires<\/title>\n<meta name=\"robots\" content=\"index, follow, max-snippet:-1, max-image-preview:large, max-video-preview:-1\" \/>\n<link rel=\"canonical\" href=\"https:\/\/www.gerster.com\/en\/news\/familientag-2026-bei-gerster\/\" \/>\n<meta property=\"og:locale\" content=\"en_GB\" \/>\n<meta property=\"og:type\" content=\"article\" \/>\n<meta property=\"og:title\" content=\"Familientag 2026 bei Gerster - Gerster HeimTex - Ihr Partner f\u00fcr hochwertige Gardinen, B\u00e4nder &amp; Accessoires\" \/>\n<meta property=\"og:description\" content=\"Letzten Freitag stand bei uns der Familientag auf dem Programm. Unsere Mitarbeitenden hatten die Gelegenheit, ihren Familien ihren Arbeitsplatz zu zeigen und gemeinsam einen Blick hinter die Kulissen von Gerster zu werfen. Bei Betriebsf\u00fchrungen, leckerem Essen und kleinen Aktionen war f\u00fcr Gro\u00df und Klein etwas dabei. Es war ein sch\u00f6ner Nachmittag mit vielen interessanten Einblicken [&hellip;]\" \/>\n<meta property=\"og:url\" content=\"https:\/\/www.gerster.com\/en\/news\/familientag-2026-bei-gerster\/\" \/>\n<meta property=\"og:site_name\" content=\"Gerster HeimTex - Ihr Partner f\u00fcr hochwertige Gardinen, B\u00e4nder &amp; Accessoires\" \/>\n<meta property=\"article:publisher\" content=\"https:\/\/www.facebook.com\/GersterCollection\" \/>\n<meta property=\"article:published_time\" content=\"2026-07-15T09:28:52+00:00\" \/>\n<meta property=\"article:modified_time\" content=\"2026-07-15T09:28:54+00:00\" \/>\n<meta property=\"og:image\" content=\"https:\/\/www.gerster.com\/wp-content\/uploads\/2025\/12\/DSC06297_gerster-scaled.jpg\" \/>\n\t<meta property=\"og:image:width\" content=\"2560\" \/>\n\t<meta property=\"og:image:height\" content=\"1707\" \/>\n\t<meta property=\"og:image:type\" content=\"image\/jpeg\" \/>\n<meta name=\"author\" content=\"Gerster HeimTex\" \/>\n<meta name=\"twitter:card\" content=\"summary_large_image\" \/>\n<meta name=\"twitter:label1\" content=\"Written by\" \/>\n\t<meta name=\"twitter:data1\" content=\"Gerster HeimTex\" \/>\n<script type=\"application\/ld+json\" class=\"yoast-schema-graph\">{\"@context\":\"https:\\\/\\\/schema.org\",\"@graph\":[{\"@type\":\"Article\",\"@id\":\"https:\\\/\\\/www.gerster.com\\\/news\\\/familientag-2026-bei-gerster\\\/#article\",\"isPartOf\":{\"@id\":\"https:\\\/\\\/www.gerster.com\\\/news\\\/familientag-2026-bei-gerster\\\/\"},\"author\":{\"name\":\"Gerster HeimTex\",\"@id\":\"https:\\\/\\\/www.gerster.com\\\/en\\\/#\\\/schema\\\/person\\\/4385cff19acce07e13384c1bd7baa1e6\"},\"headline\":\"Familientag 2026 bei Gerster\",\"datePublished\":\"2026-07-15T09:28:52+00:00\",\"dateModified\":\"2026-07-15T09:28:54+00:00\",\"mainEntityOfPage\":{\"@id\":\"https:\\\/\\\/www.gerster.com\\\/news\\\/familientag-2026-bei-gerster\\\/\"},\"wordCount\":81,\"publisher\":{\"@id\":\"https:\\\/\\\/www.gerster.com\\\/en\\\/#organization\"},\"image\":{\"@id\":\"https:\\\/\\\/www.gerster.com\\\/news\\\/familientag-2026-bei-gerster\\\/#primaryimage\"},\"thumbnailUrl\":\"https:\\\/\\\/www.gerster.com\\\/wp-content\\\/uploads\\\/2025\\\/12\\\/DSC06297_gerster-scaled.jpg\",\"articleSection\":[\"News\"],\"inLanguage\":\"en-GB\"},{\"@type\":\"WebPage\",\"@id\":\"https:\\\/\\\/www.gerster.com\\\/news\\\/familientag-2026-bei-gerster\\\/\",\"url\":\"https:\\\/\\\/www.gerster.com\\\/news\\\/familientag-2026-bei-gerster\\\/\",\"name\":\"Familientag 2026 bei Gerster - Gerster HeimTex - Ihr Partner f\u00fcr hochwertige Gardinen, B\u00e4nder &amp; Accessoires\",\"isPartOf\":{\"@id\":\"https:\\\/\\\/www.gerster.com\\\/en\\\/#website\"},\"primaryImageOfPage\":{\"@id\":\"https:\\\/\\\/www.gerster.com\\\/news\\\/familientag-2026-bei-gerster\\\/#primaryimage\"},\"image\":{\"@id\":\"https:\\\/\\\/www.gerster.com\\\/news\\\/familientag-2026-bei-gerster\\\/#primaryimage\"},\"thumbnailUrl\":\"https:\\\/\\\/www.gerster.com\\\/wp-content\\\/uploads\\\/2025\\\/12\\\/DSC06297_gerster-scaled.jpg\",\"datePublished\":\"2026-07-15T09:28:52+00:00\",\"dateModified\":\"2026-07-15T09:28:54+00:00\",\"breadcrumb\":{\"@id\":\"https:\\\/\\\/www.gerster.com\\\/news\\\/familientag-2026-bei-gerster\\\/#breadcrumb\"},\"inLanguage\":\"en-GB\",\"potentialAction\":[{\"@type\":\"ReadAction\",\"target\":[\"https:\\\/\\\/www.gerster.com\\\/news\\\/familientag-2026-bei-gerster\\\/\"]}]},{\"@type\":\"ImageObject\",\"inLanguage\":\"en-GB\",\"@id\":\"https:\\\/\\\/www.gerster.com\\\/news\\\/familientag-2026-bei-gerster\\\/#primaryimage\",\"url\":\"https:\\\/\\\/www.gerster.com\\\/wp-content\\\/uploads\\\/2025\\\/12\\\/DSC06297_gerster-scaled.jpg\",\"contentUrl\":\"https:\\\/\\\/www.gerster.com\\\/wp-content\\\/uploads\\\/2025\\\/12\\\/DSC06297_gerster-scaled.jpg\",\"width\":2560,\"height\":1707},{\"@type\":\"BreadcrumbList\",\"@id\":\"https:\\\/\\\/www.gerster.com\\\/news\\\/familientag-2026-bei-gerster\\\/#breadcrumb\",\"itemListElement\":[{\"@type\":\"ListItem\",\"position\":1,\"name\":\"Startseite\",\"item\":\"https:\\\/\\\/www.gerster.com\\\/\"},{\"@type\":\"ListItem\",\"position\":2,\"name\":\"Familientag 2026 bei Gerster\"}]},{\"@type\":\"WebSite\",\"@id\":\"https:\\\/\\\/www.gerster.com\\\/en\\\/#website\",\"url\":\"https:\\\/\\\/www.gerster.com\\\/en\\\/\",\"name\":\"Gerster HeimTex - Ihr Partner f\u00fcr hochwertige Gardinen, B\u00e4nder & Accessoires\",\"description\":\"\",\"publisher\":{\"@id\":\"https:\\\/\\\/www.gerster.com\\\/en\\\/#organization\"},\"potentialAction\":[{\"@type\":\"SearchAction\",\"target\":{\"@type\":\"EntryPoint\",\"urlTemplate\":\"https:\\\/\\\/www.gerster.com\\\/en\\\/?s={search_term_string}\"},\"query-input\":{\"@type\":\"PropertyValueSpecification\",\"valueRequired\":true,\"valueName\":\"search_term_string\"}}],\"inLanguage\":\"en-GB\"},{\"@type\":\"Organization\",\"@id\":\"https:\\\/\\\/www.gerster.com\\\/en\\\/#organization\",\"name\":\"Gerster HeimTex - Ihr Partner f\u00fcr hochwertige Gardinen, B\u00e4nder & Accessoires\",\"url\":\"https:\\\/\\\/www.gerster.com\\\/en\\\/\",\"logo\":{\"@type\":\"ImageObject\",\"inLanguage\":\"en-GB\",\"@id\":\"https:\\\/\\\/www.gerster.com\\\/en\\\/#\\\/schema\\\/logo\\\/image\\\/\",\"url\":\"https:\\\/\\\/www.gerster.com\\\/wp-content\\\/uploads\\\/2025\\\/05\\\/gerster-hometex-logo.png\",\"contentUrl\":\"https:\\\/\\\/www.gerster.com\\\/wp-content\\\/uploads\\\/2025\\\/05\\\/gerster-hometex-logo.png\",\"width\":213,\"height\":84,\"caption\":\"Gerster HeimTex - Ihr Partner f\u00fcr hochwertige Gardinen, B\u00e4nder & Accessoires\"},\"image\":{\"@id\":\"https:\\\/\\\/www.gerster.com\\\/en\\\/#\\\/schema\\\/logo\\\/image\\\/\"},\"sameAs\":[\"https:\\\/\\\/www.facebook.com\\\/GersterCollection\",\"https:\\\/\\\/www.instagram.com\\\/gerster_biberach\\\/\",\"https:\\\/\\\/www.youtube.com\\\/user\\\/GersterCollection\\\/videos\"]},{\"@type\":\"Person\",\"@id\":\"https:\\\/\\\/www.gerster.com\\\/en\\\/#\\\/schema\\\/person\\\/4385cff19acce07e13384c1bd7baa1e6\",\"name\":\"Gerster HeimTex\",\"image\":{\"@type\":\"ImageObject\",\"inLanguage\":\"en-GB\",\"@id\":\"https:\\\/\\\/secure.gravatar.com\\\/avatar\\\/4ac99d71907a59b8010a7e2e86eb72136a2e160ad811132df48b072598d32e13?s=96&d=mm&r=g\",\"url\":\"https:\\\/\\\/secure.gravatar.com\\\/avatar\\\/4ac99d71907a59b8010a7e2e86eb72136a2e160ad811132df48b072598d32e13?s=96&d=mm&r=g\",\"contentUrl\":\"https:\\\/\\\/secure.gravatar.com\\\/avatar\\\/4ac99d71907a59b8010a7e2e86eb72136a2e160ad811132df48b072598d32e13?s=96&d=mm&r=g\",\"caption\":\"Gerster HeimTex\"},\"sameAs\":[\"http:\\\/\\\/localhost\\\/gerster-heimtex\"],\"url\":\"https:\\\/\\\/www.gerster.com\\\/en\\\/author\\\/gerster-heimtex\\\/\"}]}<\/script>\n<!-- \/ Yoast SEO plugin. -->","yoast_head_json":{"title":"Familientag 2026 bei Gerster - Gerster HeimTex - Ihr Partner f\u00fcr hochwertige Gardinen, B\u00e4nder &amp; Accessoires","robots":{"index":"index","follow":"follow","max-snippet":"max-snippet:-1","max-image-preview":"max-image-preview:large","max-video-preview":"max-video-preview:-1"},"canonical":"https:\/\/www.gerster.com\/en\/news\/familientag-2026-bei-gerster\/","og_locale":"en_GB","og_type":"article","og_title":"Familientag 2026 bei Gerster - Gerster HeimTex - Ihr Partner f\u00fcr hochwertige Gardinen, B\u00e4nder &amp; Accessoires","og_description":"Letzten Freitag stand bei uns der Familientag auf dem Programm. Unsere Mitarbeitenden hatten die Gelegenheit, ihren Familien ihren Arbeitsplatz zu zeigen und gemeinsam einen Blick hinter die Kulissen von Gerster zu werfen. Bei Betriebsf\u00fchrungen, leckerem Essen und kleinen Aktionen war f\u00fcr Gro\u00df und Klein etwas dabei. Es war ein sch\u00f6ner Nachmittag mit vielen interessanten Einblicken [&hellip;]","og_url":"https:\/\/www.gerster.com\/en\/news\/familientag-2026-bei-gerster\/","og_site_name":"Gerster HeimTex - Ihr Partner f\u00fcr hochwertige Gardinen, B\u00e4nder &amp; Accessoires","article_publisher":"https:\/\/www.facebook.com\/GersterCollection","article_published_time":"2026-07-15T09:28:52+00:00","article_modified_time":"2026-07-15T09:28:54+00:00","og_image":[{"width":2560,"height":1707,"url":"https:\/\/www.gerster.com\/wp-content\/uploads\/2025\/12\/DSC06297_gerster-scaled.jpg","type":"image\/jpeg"}],"author":"Gerster HeimTex","twitter_card":"summary_large_image","twitter_misc":{"Written by":"Gerster HeimTex"},"schema":{"@context":"https:\/\/schema.org","@graph":[{"@type":"Article","@id":"https:\/\/www.gerster.com\/news\/familientag-2026-bei-gerster\/#article","isPartOf":{"@id":"https:\/\/www.gerster.com\/news\/familientag-2026-bei-gerster\/"},"author":{"name":"Gerster HeimTex","@id":"https:\/\/www.gerster.com\/en\/#\/schema\/person\/4385cff19acce07e13384c1bd7baa1e6"},"headline":"Familientag 2026 bei Gerster","datePublished":"2026-07-15T09:28:52+00:00","dateModified":"2026-07-15T09:28:54+00:00","mainEntityOfPage":{"@id":"https:\/\/www.gerster.com\/news\/familientag-2026-bei-gerster\/"},"wordCount":81,"publisher":{"@id":"https:\/\/www.gerster.com\/en\/#organization"},"image":{"@id":"https:\/\/www.gerster.com\/news\/familientag-2026-bei-gerster\/#primaryimage"},"thumbnailUrl":"https:\/\/www.gerster.com\/wp-content\/uploads\/2025\/12\/DSC06297_gerster-scaled.jpg","articleSection":["News"],"inLanguage":"en-GB"},{"@type":"WebPage","@id":"https:\/\/www.gerster.com\/news\/familientag-2026-bei-gerster\/","url":"https:\/\/www.gerster.com\/news\/familientag-2026-bei-gerster\/","name":"Familientag 2026 bei Gerster - Gerster HeimTex - Ihr Partner f\u00fcr hochwertige Gardinen, B\u00e4nder &amp; Accessoires","isPartOf":{"@id":"https:\/\/www.gerster.com\/en\/#website"},"primaryImageOfPage":{"@id":"https:\/\/www.gerster.com\/news\/familientag-2026-bei-gerster\/#primaryimage"},"image":{"@id":"https:\/\/www.gerster.com\/news\/familientag-2026-bei-gerster\/#primaryimage"},"thumbnailUrl":"https:\/\/www.gerster.com\/wp-content\/uploads\/2025\/12\/DSC06297_gerster-scaled.jpg","datePublished":"2026-07-15T09:28:52+00:00","dateModified":"2026-07-15T09:28:54+00:00","breadcrumb":{"@id":"https:\/\/www.gerster.com\/news\/familientag-2026-bei-gerster\/#breadcrumb"},"inLanguage":"en-GB","potentialAction":[{"@type":"ReadAction","target":["https:\/\/www.gerster.com\/news\/familientag-2026-bei-gerster\/"]}]},{"@type":"ImageObject","inLanguage":"en-GB","@id":"https:\/\/www.gerster.com\/news\/familientag-2026-bei-gerster\/#primaryimage","url":"https:\/\/www.gerster.com\/wp-content\/uploads\/2025\/12\/DSC06297_gerster-scaled.jpg","contentUrl":"https:\/\/www.gerster.com\/wp-content\/uploads\/2025\/12\/DSC06297_gerster-scaled.jpg","width":2560,"height":1707},{"@type":"BreadcrumbList","@id":"https:\/\/www.gerster.com\/news\/familientag-2026-bei-gerster\/#breadcrumb","itemListElement":[{"@type":"ListItem","position":1,"name":"Startseite","item":"https:\/\/www.gerster.com\/"},{"@type":"ListItem","position":2,"name":"Familientag 2026 bei Gerster"}]},{"@type":"WebSite","@id":"https:\/\/www.gerster.com\/en\/#website","url":"https:\/\/www.gerster.com\/en\/","name":"Gerster HeimTex - Ihr Partner f\u00fcr hochwertige Gardinen, B\u00e4nder & Accessoires","description":"","publisher":{"@id":"https:\/\/www.gerster.com\/en\/#organization"},"potentialAction":[{"@type":"SearchAction","target":{"@type":"EntryPoint","urlTemplate":"https:\/\/www.gerster.com\/en\/?s={search_term_string}"},"query-input":{"@type":"PropertyValueSpecification","valueRequired":true,"valueName":"search_term_string"}}],"inLanguage":"en-GB"},{"@type":"Organization","@id":"https:\/\/www.gerster.com\/en\/#organization","name":"Gerster HeimTex - Ihr Partner f\u00fcr hochwertige Gardinen, B\u00e4nder & Accessoires","url":"https:\/\/www.gerster.com\/en\/","logo":{"@type":"ImageObject","inLanguage":"en-GB","@id":"https:\/\/www.gerster.com\/en\/#\/schema\/logo\/image\/","url":"https:\/\/www.gerster.com\/wp-content\/uploads\/2025\/05\/gerster-hometex-logo.png","contentUrl":"https:\/\/www.gerster.com\/wp-content\/uploads\/2025\/05\/gerster-hometex-logo.png","width":213,"height":84,"caption":"Gerster HeimTex - Ihr Partner f\u00fcr hochwertige Gardinen, B\u00e4nder & Accessoires"},"image":{"@id":"https:\/\/www.gerster.com\/en\/#\/schema\/logo\/image\/"},"sameAs":["https:\/\/www.facebook.com\/GersterCollection","https:\/\/www.instagram.com\/gerster_biberach\/","https:\/\/www.youtube.com\/user\/GersterCollection\/videos"]},{"@type":"Person","@id":"https:\/\/www.gerster.com\/en\/#\/schema\/person\/4385cff19acce07e13384c1bd7baa1e6","name":"Gerster HeimTex","image":{"@type":"ImageObject","inLanguage":"en-GB","@id":"https:\/\/secure.gravatar.com\/avatar\/4ac99d71907a59b8010a7e2e86eb72136a2e160ad811132df48b072598d32e13?s=96&d=mm&r=g","url":"https:\/\/secure.gravatar.com\/avatar\/4ac99d71907a59b8010a7e2e86eb72136a2e160ad811132df48b072598d32e13?s=96&d=mm&r=g","contentUrl":"https:\/\/secure.gravatar.com\/avatar\/4ac99d71907a59b8010a7e2e86eb72136a2e160ad811132df48b072598d32e13?s=96&d=mm&r=g","caption":"Gerster HeimTex"},"sameAs":["http:\/\/localhost\/gerster-heimtex"],"url":"https:\/\/www.gerster.com\/en\/author\/gerster-heimtex\/"}]}},"_links":{"self":[{"href":"https:\/\/www.gerster.com\/en\/wp-json\/wp\/v2\/posts\/3793","targetHints":{"allow":["GET"]}}],"collection":[{"href":"https:\/\/www.gerster.com\/en\/wp-json\/wp\/v2\/posts"}],"about":[{"href":"https:\/\/www.gerster.com\/en\/wp-json\/wp\/v2\/types\/post"}],"author":[{"embeddable":true,"href":"https:\/\/www.gerster.com\/en\/wp-json\/wp\/v2\/users\/1"}],"replies":[{"embeddable":true,"href":"https:\/\/www.gerster.com\/en\/wp-json\/wp\/v2\/comments?post=3793"}],"version-history":[{"count":1,"href":"https:\/\/www.gerster.com\/en\/wp-json\/wp\/v2\/posts\/3793\/revisions"}],"predecessor-version":[{"id":3800,"href":"https:\/\/www.gerster.com\/en\/wp-json\/wp\/v2\/posts\/3793\/revisions\/3800"}],"wp:featuredmedia":[{"embeddable":true,"href":"https:\/\/www.gerster.com\/en\/wp-json\/wp\/v2\/media\/3143"}],"wp:attachment":[{"href":"https:\/\/www.gerster.com\/en\/wp-json\/wp\/v2\/media?parent=3793"}],"wp:term":[{"taxonomy":"category","embeddable":true,"href":"https:\/\/www.gerster.com\/en\/wp-json\/wp\/v2\/categories?post=3793"},{"taxonomy":"post_tag","embeddable":true,"href":"https:\/\/www.gerster.com\/en\/wp-json\/wp\/v2\/tags?post=3793"}],"curies":[{"name":"wp","href":"https:\/\/api.w.org\/{rel}","templated":true}]}}