{"id":4191,"date":"2026-09-02T09:24:34","date_gmt":"2026-09-02T07:24:34","guid":{"rendered":"https:\/\/www.gerster.com\/?p=4191"},"modified":"2026-09-02T11:25:24","modified_gmt":"2026-09-02T09:25:24","slug":"caravan-salon-duesseldorf-2026-caravaning-begeistert-weiter","status":"publish","type":"post","link":"https:\/\/www.gerster.com\/en\/messe\/caravan-salon-duesseldorf-2026-caravaning-begeistert-weiter\/","title":{"rendered":"September 26': Caravan Salon D\u00fcsseldorf 2026 \u2013 Caravanning continues to captivate"},"content":{"rendered":"<p class=\"wp-block-paragraph translation-block\">The <strong>Caravan Salon D\u00fcsseldorf 2026 <\/strong>got off to a flying start, sending a strong signal to the industry: over 85,000 visitors took advantage of the first weekend and the Preview Day to find out about the latest vehicles, products, innovations and trends across 15 halls and the outdoor exhibition area. This high level of interest confirms the great appeal of caravanning as a flexible and personalised form of holiday.<\/p>\n\n\n\n<p class=\"wp-block-paragraph\"><br>We were also there at the trade fair and took the opportunity to gain a comprehensive first-hand impression of the latest developments and innovative solutions in the caravanning sector.<\/p>\n\n\n\n<p class=\"wp-block-paragraph\"><br>Until 6 September, 834 exhibitors from 41 countries will be showcasing a wide range of products: motorhomes and caravans of all sizes and price ranges, base vehicles, accessories, technical equipment, fit-out components, tents, mobile homes, as well as offers relating to campsites, motorhome sites and travel destinations. Visitors will thus gain a unique insight into the world of mobile travel and can find their dream vehicle right there and then.<\/p>","protected":false},"excerpt":{"rendered":"<p>Der Caravan Salon D\u00fcsseldorf 2026 ist mit einem starken Signal f\u00fcr die Branche gestartet: \u00dcber 85.000 Besucherinnen und Besucher nutzten das erste Wochenende und den Preview Day, um sich in 15 Hallen und auf dem Freigel\u00e4nde \u00fcber aktuelle Fahrzeuge, Produkte, Innovationen und Trends zu informieren. Das gro\u00dfe Interesse best\u00e4tigt die hohe Attraktivit\u00e4t des Caravanings als [&hellip;]<\/p>\n","protected":false},"author":1,"featured_media":3143,"comment_status":"closed","ping_status":"open","sticky":false,"template":"","format":"standard","meta":{"_acf_changed":false,"footnotes":""},"categories":[90],"tags":[],"class_list":["post-4191","post","type-post","status-publish","format-standard","has-post-thumbnail","hentry","category-messe"],"acf":[],"yoast_head":"<!-- This site is optimized with the Yoast SEO plugin v28.1 - https:\/\/yoast.com\/product\/yoast-seo-wordpress\/ -->\n<title>September 26&#039;: Caravan Salon D\u00fcsseldorf 2026 - Caravaning begeistert weiter - Gerster HeimTex - Ihr Partner f\u00fcr hochwertige Gardinen, B\u00e4nder &amp; Accessoires<\/title>\n<meta name=\"robots\" content=\"index, follow, max-snippet:-1, max-image-preview:large, max-video-preview:-1\" \/>\n<link rel=\"canonical\" href=\"https:\/\/www.gerster.com\/en\/messe\/caravan-salon-duesseldorf-2026-caravaning-begeistert-weiter\/\" \/>\n<meta property=\"og:locale\" content=\"en_GB\" \/>\n<meta property=\"og:type\" content=\"article\" \/>\n<meta property=\"og:title\" content=\"September 26&#039;: Caravan Salon D\u00fcsseldorf 2026 - Caravaning begeistert weiter - Gerster HeimTex - Ihr Partner f\u00fcr hochwertige Gardinen, B\u00e4nder &amp; Accessoires\" \/>\n<meta property=\"og:description\" content=\"Der Caravan Salon D\u00fcsseldorf 2026 ist mit einem starken Signal f\u00fcr die Branche gestartet: \u00dcber 85.000 Besucherinnen und Besucher nutzten das erste Wochenende und den Preview Day, um sich in 15 Hallen und auf dem Freigel\u00e4nde \u00fcber aktuelle Fahrzeuge, Produkte, Innovationen und Trends zu informieren. Das gro\u00dfe Interesse best\u00e4tigt die hohe Attraktivit\u00e4t des Caravanings als [&hellip;]\" \/>\n<meta property=\"og:url\" content=\"https:\/\/www.gerster.com\/en\/messe\/caravan-salon-duesseldorf-2026-caravaning-begeistert-weiter\/\" \/>\n<meta property=\"og:site_name\" content=\"Gerster HeimTex - Ihr Partner f\u00fcr hochwertige Gardinen, B\u00e4nder &amp; Accessoires\" \/>\n<meta property=\"article:publisher\" content=\"https:\/\/www.facebook.com\/GersterCollection\" \/>\n<meta property=\"article:published_time\" content=\"2026-09-02T07:24:34+00:00\" \/>\n<meta property=\"article:modified_time\" content=\"2026-09-02T09:25:24+00:00\" \/>\n<meta property=\"og:image\" content=\"https:\/\/www.gerster.com\/wp-content\/uploads\/2025\/12\/DSC06297_gerster-scaled.jpg\" \/>\n\t<meta property=\"og:image:width\" content=\"2560\" \/>\n\t<meta property=\"og:image:height\" content=\"1707\" \/>\n\t<meta property=\"og:image:type\" content=\"image\/jpeg\" \/>\n<meta name=\"author\" content=\"Gerster HeimTex\" \/>\n<meta name=\"twitter:card\" content=\"summary_large_image\" \/>\n<meta name=\"twitter:label1\" content=\"Written by\" \/>\n\t<meta name=\"twitter:data1\" content=\"Gerster HeimTex\" \/>\n\t<meta name=\"twitter:label2\" content=\"Estimated reading time\" \/>\n\t<meta name=\"twitter:data2\" content=\"1 minute\" \/>\n<script type=\"application\/ld+json\" class=\"yoast-schema-graph\">{\"@context\":\"https:\\\/\\\/schema.org\",\"@graph\":[{\"@type\":\"Article\",\"@id\":\"https:\\\/\\\/www.gerster.com\\\/messe\\\/caravan-salon-duesseldorf-2026-caravaning-begeistert-weiter\\\/#article\",\"isPartOf\":{\"@id\":\"https:\\\/\\\/www.gerster.com\\\/messe\\\/caravan-salon-duesseldorf-2026-caravaning-begeistert-weiter\\\/\"},\"author\":{\"name\":\"Gerster HeimTex\",\"@id\":\"https:\\\/\\\/www.gerster.com\\\/en\\\/#\\\/schema\\\/person\\\/4385cff19acce07e13384c1bd7baa1e6\"},\"headline\":\"September 26&#8242;: Caravan Salon D\u00fcsseldorf 2026 &#8211; Caravaning begeistert weiter\",\"datePublished\":\"2026-09-02T07:24:34+00:00\",\"dateModified\":\"2026-09-02T09:25:24+00:00\",\"mainEntityOfPage\":{\"@id\":\"https:\\\/\\\/www.gerster.com\\\/messe\\\/caravan-salon-duesseldorf-2026-caravaning-begeistert-weiter\\\/\"},\"wordCount\":164,\"publisher\":{\"@id\":\"https:\\\/\\\/www.gerster.com\\\/en\\\/#organization\"},\"image\":{\"@id\":\"https:\\\/\\\/www.gerster.com\\\/messe\\\/caravan-salon-duesseldorf-2026-caravaning-begeistert-weiter\\\/#primaryimage\"},\"thumbnailUrl\":\"https:\\\/\\\/www.gerster.com\\\/wp-content\\\/uploads\\\/2025\\\/12\\\/DSC06297_gerster-scaled.jpg\",\"articleSection\":[\"Messe\"],\"inLanguage\":\"en-GB\"},{\"@type\":\"WebPage\",\"@id\":\"https:\\\/\\\/www.gerster.com\\\/messe\\\/caravan-salon-duesseldorf-2026-caravaning-begeistert-weiter\\\/\",\"url\":\"https:\\\/\\\/www.gerster.com\\\/messe\\\/caravan-salon-duesseldorf-2026-caravaning-begeistert-weiter\\\/\",\"name\":\"September 26': Caravan Salon D\u00fcsseldorf 2026 - Caravaning begeistert weiter - Gerster HeimTex - Ihr Partner f\u00fcr hochwertige Gardinen, B\u00e4nder &amp; Accessoires\",\"isPartOf\":{\"@id\":\"https:\\\/\\\/www.gerster.com\\\/en\\\/#website\"},\"primaryImageOfPage\":{\"@id\":\"https:\\\/\\\/www.gerster.com\\\/messe\\\/caravan-salon-duesseldorf-2026-caravaning-begeistert-weiter\\\/#primaryimage\"},\"image\":{\"@id\":\"https:\\\/\\\/www.gerster.com\\\/messe\\\/caravan-salon-duesseldorf-2026-caravaning-begeistert-weiter\\\/#primaryimage\"},\"thumbnailUrl\":\"https:\\\/\\\/www.gerster.com\\\/wp-content\\\/uploads\\\/2025\\\/12\\\/DSC06297_gerster-scaled.jpg\",\"datePublished\":\"2026-09-02T07:24:34+00:00\",\"dateModified\":\"2026-09-02T09:25:24+00:00\",\"breadcrumb\":{\"@id\":\"https:\\\/\\\/www.gerster.com\\\/messe\\\/caravan-salon-duesseldorf-2026-caravaning-begeistert-weiter\\\/#breadcrumb\"},\"inLanguage\":\"en-GB\",\"potentialAction\":[{\"@type\":\"ReadAction\",\"target\":[\"https:\\\/\\\/www.gerster.com\\\/messe\\\/caravan-salon-duesseldorf-2026-caravaning-begeistert-weiter\\\/\"]}]},{\"@type\":\"ImageObject\",\"inLanguage\":\"en-GB\",\"@id\":\"https:\\\/\\\/www.gerster.com\\\/messe\\\/caravan-salon-duesseldorf-2026-caravaning-begeistert-weiter\\\/#primaryimage\",\"url\":\"https:\\\/\\\/www.gerster.com\\\/wp-content\\\/uploads\\\/2025\\\/12\\\/DSC06297_gerster-scaled.jpg\",\"contentUrl\":\"https:\\\/\\\/www.gerster.com\\\/wp-content\\\/uploads\\\/2025\\\/12\\\/DSC06297_gerster-scaled.jpg\",\"width\":2560,\"height\":1707},{\"@type\":\"BreadcrumbList\",\"@id\":\"https:\\\/\\\/www.gerster.com\\\/messe\\\/caravan-salon-duesseldorf-2026-caravaning-begeistert-weiter\\\/#breadcrumb\",\"itemListElement\":[{\"@type\":\"ListItem\",\"position\":1,\"name\":\"Startseite\",\"item\":\"https:\\\/\\\/www.gerster.com\\\/\"},{\"@type\":\"ListItem\",\"position\":2,\"name\":\"September 26&#8242;: Caravan Salon D\u00fcsseldorf 2026 &#8211; Caravaning begeistert weiter\"}]},{\"@type\":\"WebSite\",\"@id\":\"https:\\\/\\\/www.gerster.com\\\/en\\\/#website\",\"url\":\"https:\\\/\\\/www.gerster.com\\\/en\\\/\",\"name\":\"Gerster HeimTex - Ihr Partner f\u00fcr hochwertige Gardinen, B\u00e4nder & Accessoires\",\"description\":\"\",\"publisher\":{\"@id\":\"https:\\\/\\\/www.gerster.com\\\/en\\\/#organization\"},\"potentialAction\":[{\"@type\":\"SearchAction\",\"target\":{\"@type\":\"EntryPoint\",\"urlTemplate\":\"https:\\\/\\\/www.gerster.com\\\/en\\\/?s={search_term_string}\"},\"query-input\":{\"@type\":\"PropertyValueSpecification\",\"valueRequired\":true,\"valueName\":\"search_term_string\"}}],\"inLanguage\":\"en-GB\"},{\"@type\":\"Organization\",\"@id\":\"https:\\\/\\\/www.gerster.com\\\/en\\\/#organization\",\"name\":\"Gerster HeimTex - Ihr Partner f\u00fcr hochwertige Gardinen, B\u00e4nder & Accessoires\",\"url\":\"https:\\\/\\\/www.gerster.com\\\/en\\\/\",\"logo\":{\"@type\":\"ImageObject\",\"inLanguage\":\"en-GB\",\"@id\":\"https:\\\/\\\/www.gerster.com\\\/en\\\/#\\\/schema\\\/logo\\\/image\\\/\",\"url\":\"https:\\\/\\\/www.gerster.com\\\/wp-content\\\/uploads\\\/2025\\\/05\\\/gerster-hometex-logo.png\",\"contentUrl\":\"https:\\\/\\\/www.gerster.com\\\/wp-content\\\/uploads\\\/2025\\\/05\\\/gerster-hometex-logo.png\",\"width\":213,\"height\":84,\"caption\":\"Gerster HeimTex - Ihr Partner f\u00fcr hochwertige Gardinen, B\u00e4nder & Accessoires\"},\"image\":{\"@id\":\"https:\\\/\\\/www.gerster.com\\\/en\\\/#\\\/schema\\\/logo\\\/image\\\/\"},\"sameAs\":[\"https:\\\/\\\/www.facebook.com\\\/GersterCollection\",\"https:\\\/\\\/www.instagram.com\\\/gerster_biberach\\\/\",\"https:\\\/\\\/www.youtube.com\\\/user\\\/GersterCollection\\\/videos\"]},{\"@type\":\"Person\",\"@id\":\"https:\\\/\\\/www.gerster.com\\\/en\\\/#\\\/schema\\\/person\\\/4385cff19acce07e13384c1bd7baa1e6\",\"name\":\"Gerster HeimTex\",\"image\":{\"@type\":\"ImageObject\",\"inLanguage\":\"en-GB\",\"@id\":\"https:\\\/\\\/secure.gravatar.com\\\/avatar\\\/4ac99d71907a59b8010a7e2e86eb72136a2e160ad811132df48b072598d32e13?s=96&d=mm&r=g\",\"url\":\"https:\\\/\\\/secure.gravatar.com\\\/avatar\\\/4ac99d71907a59b8010a7e2e86eb72136a2e160ad811132df48b072598d32e13?s=96&d=mm&r=g\",\"contentUrl\":\"https:\\\/\\\/secure.gravatar.com\\\/avatar\\\/4ac99d71907a59b8010a7e2e86eb72136a2e160ad811132df48b072598d32e13?s=96&d=mm&r=g\",\"caption\":\"Gerster HeimTex\"},\"sameAs\":[\"http:\\\/\\\/localhost\\\/gerster-heimtex\"],\"url\":\"https:\\\/\\\/www.gerster.com\\\/en\\\/author\\\/gerster-heimtex\\\/\"}]}<\/script>\n<!-- \/ Yoast SEO plugin. -->","yoast_head_json":{"title":"September 26': Caravan Salon D\u00fcsseldorf 2026 - Caravaning begeistert weiter - Gerster HeimTex - Ihr Partner f\u00fcr hochwertige Gardinen, B\u00e4nder &amp; Accessoires","robots":{"index":"index","follow":"follow","max-snippet":"max-snippet:-1","max-image-preview":"max-image-preview:large","max-video-preview":"max-video-preview:-1"},"canonical":"https:\/\/www.gerster.com\/en\/messe\/caravan-salon-duesseldorf-2026-caravaning-begeistert-weiter\/","og_locale":"en_GB","og_type":"article","og_title":"September 26': Caravan Salon D\u00fcsseldorf 2026 - Caravaning begeistert weiter - Gerster HeimTex - Ihr Partner f\u00fcr hochwertige Gardinen, B\u00e4nder &amp; Accessoires","og_description":"Der Caravan Salon D\u00fcsseldorf 2026 ist mit einem starken Signal f\u00fcr die Branche gestartet: \u00dcber 85.000 Besucherinnen und Besucher nutzten das erste Wochenende und den Preview Day, um sich in 15 Hallen und auf dem Freigel\u00e4nde \u00fcber aktuelle Fahrzeuge, Produkte, Innovationen und Trends zu informieren. Das gro\u00dfe Interesse best\u00e4tigt die hohe Attraktivit\u00e4t des Caravanings als [&hellip;]","og_url":"https:\/\/www.gerster.com\/en\/messe\/caravan-salon-duesseldorf-2026-caravaning-begeistert-weiter\/","og_site_name":"Gerster HeimTex - Ihr Partner f\u00fcr hochwertige Gardinen, B\u00e4nder &amp; Accessoires","article_publisher":"https:\/\/www.facebook.com\/GersterCollection","article_published_time":"2026-09-02T07:24:34+00:00","article_modified_time":"2026-09-02T09:25:24+00:00","og_image":[{"width":2560,"height":1707,"url":"https:\/\/www.gerster.com\/wp-content\/uploads\/2025\/12\/DSC06297_gerster-scaled.jpg","type":"image\/jpeg"}],"author":"Gerster HeimTex","twitter_card":"summary_large_image","twitter_misc":{"Written by":"Gerster HeimTex","Estimated reading time":"1 minute"},"schema":{"@context":"https:\/\/schema.org","@graph":[{"@type":"Article","@id":"https:\/\/www.gerster.com\/messe\/caravan-salon-duesseldorf-2026-caravaning-begeistert-weiter\/#article","isPartOf":{"@id":"https:\/\/www.gerster.com\/messe\/caravan-salon-duesseldorf-2026-caravaning-begeistert-weiter\/"},"author":{"name":"Gerster HeimTex","@id":"https:\/\/www.gerster.com\/en\/#\/schema\/person\/4385cff19acce07e13384c1bd7baa1e6"},"headline":"September 26&#8242;: Caravan Salon D\u00fcsseldorf 2026 &#8211; Caravaning begeistert weiter","datePublished":"2026-09-02T07:24:34+00:00","dateModified":"2026-09-02T09:25:24+00:00","mainEntityOfPage":{"@id":"https:\/\/www.gerster.com\/messe\/caravan-salon-duesseldorf-2026-caravaning-begeistert-weiter\/"},"wordCount":164,"publisher":{"@id":"https:\/\/www.gerster.com\/en\/#organization"},"image":{"@id":"https:\/\/www.gerster.com\/messe\/caravan-salon-duesseldorf-2026-caravaning-begeistert-weiter\/#primaryimage"},"thumbnailUrl":"https:\/\/www.gerster.com\/wp-content\/uploads\/2025\/12\/DSC06297_gerster-scaled.jpg","articleSection":["Messe"],"inLanguage":"en-GB"},{"@type":"WebPage","@id":"https:\/\/www.gerster.com\/messe\/caravan-salon-duesseldorf-2026-caravaning-begeistert-weiter\/","url":"https:\/\/www.gerster.com\/messe\/caravan-salon-duesseldorf-2026-caravaning-begeistert-weiter\/","name":"September 26': Caravan Salon D\u00fcsseldorf 2026 - Caravaning begeistert weiter - Gerster HeimTex - Ihr Partner f\u00fcr hochwertige Gardinen, B\u00e4nder &amp; Accessoires","isPartOf":{"@id":"https:\/\/www.gerster.com\/en\/#website"},"primaryImageOfPage":{"@id":"https:\/\/www.gerster.com\/messe\/caravan-salon-duesseldorf-2026-caravaning-begeistert-weiter\/#primaryimage"},"image":{"@id":"https:\/\/www.gerster.com\/messe\/caravan-salon-duesseldorf-2026-caravaning-begeistert-weiter\/#primaryimage"},"thumbnailUrl":"https:\/\/www.gerster.com\/wp-content\/uploads\/2025\/12\/DSC06297_gerster-scaled.jpg","datePublished":"2026-09-02T07:24:34+00:00","dateModified":"2026-09-02T09:25:24+00:00","breadcrumb":{"@id":"https:\/\/www.gerster.com\/messe\/caravan-salon-duesseldorf-2026-caravaning-begeistert-weiter\/#breadcrumb"},"inLanguage":"en-GB","potentialAction":[{"@type":"ReadAction","target":["https:\/\/www.gerster.com\/messe\/caravan-salon-duesseldorf-2026-caravaning-begeistert-weiter\/"]}]},{"@type":"ImageObject","inLanguage":"en-GB","@id":"https:\/\/www.gerster.com\/messe\/caravan-salon-duesseldorf-2026-caravaning-begeistert-weiter\/#primaryimage","url":"https:\/\/www.gerster.com\/wp-content\/uploads\/2025\/12\/DSC06297_gerster-scaled.jpg","contentUrl":"https:\/\/www.gerster.com\/wp-content\/uploads\/2025\/12\/DSC06297_gerster-scaled.jpg","width":2560,"height":1707},{"@type":"BreadcrumbList","@id":"https:\/\/www.gerster.com\/messe\/caravan-salon-duesseldorf-2026-caravaning-begeistert-weiter\/#breadcrumb","itemListElement":[{"@type":"ListItem","position":1,"name":"Startseite","item":"https:\/\/www.gerster.com\/"},{"@type":"ListItem","position":2,"name":"September 26&#8242;: Caravan Salon D\u00fcsseldorf 2026 &#8211; Caravaning begeistert weiter"}]},{"@type":"WebSite","@id":"https:\/\/www.gerster.com\/en\/#website","url":"https:\/\/www.gerster.com\/en\/","name":"Gerster HeimTex - Ihr Partner f\u00fcr hochwertige Gardinen, B\u00e4nder & Accessoires","description":"","publisher":{"@id":"https:\/\/www.gerster.com\/en\/#organization"},"potentialAction":[{"@type":"SearchAction","target":{"@type":"EntryPoint","urlTemplate":"https:\/\/www.gerster.com\/en\/?s={search_term_string}"},"query-input":{"@type":"PropertyValueSpecification","valueRequired":true,"valueName":"search_term_string"}}],"inLanguage":"en-GB"},{"@type":"Organization","@id":"https:\/\/www.gerster.com\/en\/#organization","name":"Gerster HeimTex - Ihr Partner f\u00fcr hochwertige Gardinen, B\u00e4nder & Accessoires","url":"https:\/\/www.gerster.com\/en\/","logo":{"@type":"ImageObject","inLanguage":"en-GB","@id":"https:\/\/www.gerster.com\/en\/#\/schema\/logo\/image\/","url":"https:\/\/www.gerster.com\/wp-content\/uploads\/2025\/05\/gerster-hometex-logo.png","contentUrl":"https:\/\/www.gerster.com\/wp-content\/uploads\/2025\/05\/gerster-hometex-logo.png","width":213,"height":84,"caption":"Gerster HeimTex - Ihr Partner f\u00fcr hochwertige Gardinen, B\u00e4nder & Accessoires"},"image":{"@id":"https:\/\/www.gerster.com\/en\/#\/schema\/logo\/image\/"},"sameAs":["https:\/\/www.facebook.com\/GersterCollection","https:\/\/www.instagram.com\/gerster_biberach\/","https:\/\/www.youtube.com\/user\/GersterCollection\/videos"]},{"@type":"Person","@id":"https:\/\/www.gerster.com\/en\/#\/schema\/person\/4385cff19acce07e13384c1bd7baa1e6","name":"Gerster HeimTex","image":{"@type":"ImageObject","inLanguage":"en-GB","@id":"https:\/\/secure.gravatar.com\/avatar\/4ac99d71907a59b8010a7e2e86eb72136a2e160ad811132df48b072598d32e13?s=96&d=mm&r=g","url":"https:\/\/secure.gravatar.com\/avatar\/4ac99d71907a59b8010a7e2e86eb72136a2e160ad811132df48b072598d32e13?s=96&d=mm&r=g","contentUrl":"https:\/\/secure.gravatar.com\/avatar\/4ac99d71907a59b8010a7e2e86eb72136a2e160ad811132df48b072598d32e13?s=96&d=mm&r=g","caption":"Gerster HeimTex"},"sameAs":["http:\/\/localhost\/gerster-heimtex"],"url":"https:\/\/www.gerster.com\/en\/author\/gerster-heimtex\/"}]}},"_links":{"self":[{"href":"https:\/\/www.gerster.com\/en\/wp-json\/wp\/v2\/posts\/4191","targetHints":{"allow":["GET"]}}],"collection":[{"href":"https:\/\/www.gerster.com\/en\/wp-json\/wp\/v2\/posts"}],"about":[{"href":"https:\/\/www.gerster.com\/en\/wp-json\/wp\/v2\/types\/post"}],"author":[{"embeddable":true,"href":"https:\/\/www.gerster.com\/en\/wp-json\/wp\/v2\/users\/1"}],"replies":[{"embeddable":true,"href":"https:\/\/www.gerster.com\/en\/wp-json\/wp\/v2\/comments?post=4191"}],"version-history":[{"count":2,"href":"https:\/\/www.gerster.com\/en\/wp-json\/wp\/v2\/posts\/4191\/revisions"}],"predecessor-version":[{"id":4193,"href":"https:\/\/www.gerster.com\/en\/wp-json\/wp\/v2\/posts\/4191\/revisions\/4193"}],"wp:featuredmedia":[{"embeddable":true,"href":"https:\/\/www.gerster.com\/en\/wp-json\/wp\/v2\/media\/3143"}],"wp:attachment":[{"href":"https:\/\/www.gerster.com\/en\/wp-json\/wp\/v2\/media?parent=4191"}],"wp:term":[{"taxonomy":"category","embeddable":true,"href":"https:\/\/www.gerster.com\/en\/wp-json\/wp\/v2\/categories?post=4191"},{"taxonomy":"post_tag","embeddable":true,"href":"https:\/\/www.gerster.com\/en\/wp-json\/wp\/v2\/tags?post=4191"}],"curies":[{"name":"wp","href":"https:\/\/api.w.org\/{rel}","templated":true}]}}